[{"@context":"https:\/\/schema.org\/","@type":"Article","@id":"https:\/\/www.modanelli.cz\/jak-nosit-rudou-rtenku\/#Article","mainEntityOfPage":"https:\/\/www.modanelli.cz\/jak-nosit-rudou-rtenku\/","headline":"Jak nosit rudou rt\u011bnku?","name":"Jak nosit rudou rt\u011bnku?","description":"Rud\u00e1 rt\u011bnka spolehliv\u011b p\u0159it\u00e1hne pozornost va\u0161eho okol\u00ed. Jedn\u00e1 se o n\u011bco ikonick\u00e9ho, co k\u00a0\u017een\u00e1m neodmysliteln\u011b pat\u0159\u00ed. Rud\u00e9 rty b\u00fdvaj\u00ed pova\u017eov\u00e1ny za symbol \u017eenstv\u00ed, v\u00e1\u0161n\u011b, odvahy, sv\u016fdnosti.\u00a0\u00a0Je ov\u0161em pravda, \u017ee se jedn\u00e1 o velmi v\u00fdraznou barvu a ne ka\u017ed\u00e1 \u017eena m\u00e1 na rudou rt\u011bnku odvahu. Pokud ji ale chcete vyzkou\u0161et, b\u011b\u017ete do toho! A my v\u00e1m [&hellip;]","datePublished":"2024-03-28","dateModified":"2024-03-28","author":{"@type":"Person","@id":"https:\/\/www.modanelli.cz\/author\/#Person","name":"","url":"https:\/\/www.modanelli.cz\/author\/","identifier":1,"image":{"@type":"ImageObject","@id":"https:\/\/secure.gravatar.com\/avatar\/59b0e4716b6bc16861d789b0eb3efe04cb591482277f92a016ec4356fe735210?s=96&d=mm&r=g","url":"https:\/\/secure.gravatar.com\/avatar\/59b0e4716b6bc16861d789b0eb3efe04cb591482277f92a016ec4356fe735210?s=96&d=mm&r=g","height":96,"width":96}},"publisher":{"@type":"Organization","name":"modanelli.cz","logo":{"@type":"ImageObject","@id":"\/logo.png","url":"\/logo.png","width":600,"height":60}},"image":{"@type":"ImageObject","@id":"https:\/\/www.modanelli.cz\/wp-content\/uploads\/tamara-bellis-VF75PMEdvX8-unsplash.jpg","url":"https:\/\/www.modanelli.cz\/wp-content\/uploads\/tamara-bellis-VF75PMEdvX8-unsplash.jpg","height":0,"width":0},"url":"https:\/\/www.modanelli.cz\/jak-nosit-rudou-rtenku\/","about":["Kr\u00e1sa"],"wordCount":431,"articleBody":"Rud\u00e1 rt\u011bnka spolehliv\u011b p\u0159it\u00e1hne pozornost va\u0161eho okol\u00ed. Jedn\u00e1 se o n\u011bco ikonick\u00e9ho, co k\u00a0\u017een\u00e1m neodmysliteln\u011b pat\u0159\u00ed. Rud\u00e9 rty b\u00fdvaj\u00ed pova\u017eov\u00e1ny za symbol \u017eenstv\u00ed, v\u00e1\u0161n\u011b, odvahy, sv\u016fdnosti.\u00a0\u00a0Je ov\u0161em pravda, \u017ee se jedn\u00e1 o velmi v\u00fdraznou barvu a ne ka\u017ed\u00e1 \u017eena m\u00e1 na rudou rt\u011bnku odvahu. Pokud ji ale chcete vyzkou\u0161et, b\u011b\u017ete do toho! A my v\u00e1m k\u00a0tomu d\u00e1me p\u00e1r rad a tip\u016f, jak takovou rt\u011bnku nosit.\u00a0Nejd\u016fle\u017eit\u011bj\u0161\u00ed je naj\u00edt ten spr\u00e1vn\u00fd odst\u00edn. Rud\u00e1 nen\u00ed toti\u017e prost\u011b jen rud\u00e1, ale m\u00e1 des\u00edtky r\u016fzn\u00fdch odst\u00edn\u016f a podt\u00f3n\u016f. Svou rt\u011bnku byste m\u011bli sladit s\u00a0va\u0161im t\u00f3nem pleti. Tepl\u00fdm t\u00f3n\u016fm budou slu\u0161et rud\u00e9 barvy s\u00a0lehk\u00fdm \u0161mrncem oran\u017eov\u00e9, studen\u00fdm t\u00f3n\u016fm zase ledov\u00e9 podt\u00f3ny rt\u011bnky a neutr\u00e1ln\u00edm\u2026t\u011bm bude slu\u0161et v\u00a0podstat\u011b ka\u017ed\u00e1 rt\u011bnka.\u00a0\u00a0Nezapome\u0148te, \u017ee u nan\u00e1\u0161en\u00ed tak v\u00fdrazn\u00e9 barvy je velmi d\u016fle\u017eit\u00e1 pe\u010dlivost. Neobejdete se v\u011bt\u0161inou bez konturky. Zat\u00edmco nude odst\u00edny v\u00e1m odpust\u00ed kdejakou tu chybi\u010dku, na rud\u00e9 rt\u011bnce bude vid\u011bt ka\u017ed\u00e1 nedokonalost. Dejte si taky pozor, aby se rt\u011bnka neocitla na va\u0161ich zubech.Pokud se nec\u00edt\u00edte hned na to nosit v\u00fdraznou rudou rt\u011bnku, za\u010dn\u011bte t\u0159eba balz\u00e1my na rty, kter\u00e9 jsou zbarven\u00e9 do \u010dervena. Zvyknete si na to, \u017ee m\u00e1te n\u011bco na rtech, na barevn\u00e9 t\u00f3nov\u00e1n\u00ed a p\u0159echod na rt\u011bnku pro v\u00e1s pak bude pohodln\u011bj\u0161\u00ed.\u00a0\u00a0\u00a0D\u016fle\u017eit\u00e9 je tak v\u00fdraznou barvu rt\u011bnky zkombinovat i se zbytkem obli\u010deje. V\u00fdrazn\u00e9 l\u00ed\u010den\u00ed o\u010d\u00ed, t\u0159eba kou\u0159ov\u00e9 st\u00edny a rudou rt\u011bnku si nechte na ve\u010dern\u00ed p\u0159\u00edle\u017eitosti, kde je v\u00fdrazn\u00fd make-up \u017e\u00e1douc\u00ed. Na b\u011b\u017en\u00e9 no\u0161en\u00ed se tak \u00fapln\u011b nehod\u00ed. Pokud chcete zkombinovat rudou rt\u011bnku na b\u011b\u017en\u00fd den, t\u0159eba do zam\u011bstn\u00e1n\u00ed, volte k\u00a0n\u00ed pouze lehk\u00e9 l\u00ed\u010den\u00ed, jako \u010dernou o\u010dn\u00ed linku, \u0159asenku, tv\u00e1\u0159enku.\u00a0V\u0161echno je jen o zvyku. Ale v\u011b\u0159te, \u017ee rud\u00e1 rt\u011bnka v\u00e1m m\u016f\u017ee dodat velk\u00e9 sebev\u011bdom\u00ed. V\u017edy\u0165 co je v\u011bt\u0161\u00edm symbolem \u017eenskosti, ne\u017e pr\u00e1v\u011b tato rud\u00e1 barva? Probu\u010fte v\u00a0sob\u011b \u017eenu a p\u0159esta\u0148te se b\u00e1t uk\u00e1zat, co ve v\u00e1s je.                                                                                                                                                                                                                                                                                                                                                                                                "},{"@context":"https:\/\/schema.org\/","@type":"BreadcrumbList","itemListElement":[{"@type":"ListItem","position":1,"name":"Jak nosit rudou rt\u011bnku?","item":"https:\/\/www.modanelli.cz\/jak-nosit-rudou-rtenku\/#breadcrumbitem"}]}]