[{"@context":"https:\/\/schema.org\/","@type":"Article","@id":"https:\/\/www.modanelli.cz\/kancelar-cista-a-vonava\/#Article","mainEntityOfPage":"https:\/\/www.modanelli.cz\/kancelar-cista-a-vonava\/","headline":"Kancel\u00e1\u0159 \u010dist\u00e1 a vo\u0148av\u00e1","name":"Kancel\u00e1\u0159 \u010dist\u00e1 a vo\u0148av\u00e1","description":"Velk\u00e9 a st\u0159edn\u00ed firmy kter\u00e9 maj\u00ed zam\u011bstnanci v kancel\u00e1\u0159\u00edch mus\u00ed db\u00e1t na to, aby byly kancel\u00e1\u0159e a z\u00e1zem\u00ed v\u017edy \u010dist\u00e9 a uklizen\u00e9. O svou kancel\u00e1\u0159 mus\u00ed db\u00e1t i ti, kte\u0159\u00ed pracuj\u00ed jako podnikatel\u00e9 sami na sebe, a kte\u0159\u00ed si kancel\u00e1\u0159 pronaj\u00edmaj\u00ed pro osobn\u00ed \u00fa\u010dely. V\u011bt\u0161inou se jedn\u00e1 o finan\u010dn\u00ed poradce, realitn\u00ed makl\u00e9\u0159e, nebo o r\u016fzn\u00e9 [&hellip;]","datePublished":"2024-08-09","dateModified":"2024-08-09","author":{"@type":"Person","@id":"https:\/\/www.modanelli.cz\/author\/#Person","name":"","url":"https:\/\/www.modanelli.cz\/author\/","identifier":1,"image":{"@type":"ImageObject","@id":"https:\/\/secure.gravatar.com\/avatar\/59b0e4716b6bc16861d789b0eb3efe04cb591482277f92a016ec4356fe735210?s=96&d=mm&r=g","url":"https:\/\/secure.gravatar.com\/avatar\/59b0e4716b6bc16861d789b0eb3efe04cb591482277f92a016ec4356fe735210?s=96&d=mm&r=g","height":96,"width":96}},"publisher":{"@type":"Organization","name":"modanelli.cz","logo":{"@type":"ImageObject","@id":"\/logo.png","url":"\/logo.png","width":600,"height":60}},"image":{"@type":"ImageObject","@id":"https:\/\/www.modanelli.cz\/wp-content\/uploads\/cleaning-bucket-1290951_640_10_10_10_6.jpg","url":"https:\/\/www.modanelli.cz\/wp-content\/uploads\/cleaning-bucket-1290951_640_10_10_10_6.jpg","height":0,"width":0},"url":"https:\/\/www.modanelli.cz\/kancelar-cista-a-vonava\/","about":["Byznys"],"wordCount":395,"articleBody":"       Velk\u00e9 a st\u0159edn\u00ed firmy kter\u00e9 maj\u00ed zam\u011bstnanci v kancel\u00e1\u0159\u00edch mus\u00ed db\u00e1t na to, aby byly kancel\u00e1\u0159e a z\u00e1zem\u00ed v\u017edy \u010dist\u00e9 a uklizen\u00e9. O svou kancel\u00e1\u0159 mus\u00ed db\u00e1t i ti, kte\u0159\u00ed pracuj\u00ed jako podnikatel\u00e9 sami na sebe, a kte\u0159\u00ed si kancel\u00e1\u0159 pronaj\u00edmaj\u00ed pro osobn\u00ed \u00fa\u010dely. V\u011bt\u0161inou se jedn\u00e1 o finan\u010dn\u00ed poradce, realitn\u00ed makl\u00e9\u0159e, nebo o r\u016fzn\u00e9 poskytovatele dal\u0161\u00edch slu\u017eeb. Kdy\u017e n\u011bkam jako z\u00e1kazn\u00edk vejdete, https:\/\/www.paralelnipolis.cz\/o-nas\/kontakt\/  ihned si v\u0161imnete, jak vypad\u00e1 prost\u0159ed\u00ed do kter\u00e9ho jste vstoupili. A pokud je n\u011bkde nepo\u0159\u00e1dek a \u0161p\u00edna, asi se v\u00e1m v takov\u00e9m prost\u0159ed\u00ed nebude zrovna l\u00edbit. N\u011bco to tak\u00e9 vypov\u00edd\u00e1 o tom, kdo v kancel\u00e1\u0159i sed\u00ed a kdo j\u00ed m\u00e1 na starosti.P\u00e9\u010de o vlastn\u00ed kancel\u00e1\u0159 je jednodu\u0161\u0161\u00ed, ne\u017e kdy\u017e n\u011bkdo mus\u00ed pe\u010dovat o v\u011bt\u0161\u00ed po\u010det kancel\u00e1\u0159\u00ed pro v\u00edce zam\u011bstnanc\u016f v\u010detn\u011b z\u00e1zem\u00ed. V\u011bt\u0161\u00ed firmy maj\u00ed v\u011bt\u0161inou nasmlouvan\u00e9 \u00faklidov\u00e9 spole\u010dnosti, kter\u00e9 se staraj\u00ed nejen o samotn\u00fd \u00faklid, ale i o objedn\u00e1v\u00e1n\u00ed z\u00e1sob \u00faklidov\u00fdch prost\u0159edk\u016f a hygienick\u00fdch pot\u0159eb k dodr\u017eov\u00e1n\u00ed hygieny zam\u011bstnanc\u016f. \u00daklidov\u00e9 firmy v\u011bt\u0161inou objedn\u00e1vaj\u00ed \u00faklidov\u00e9 prost\u0159edky z velkoskladu, d\u00edky \u010demu\u017e mohou odb\u011bratel\u016fm zajistit mnohem ni\u017e\u0161\u00ed ceny.Budete si ji ukl\u00edzet sami? Nechcete do sv\u00e9 kancel\u00e1\u0159e pou\u0161t\u011bt nikoho dal\u0161\u00edho? Anebo jste to pr\u00e1v\u011b vy, kdo zaji\u0161\u0165uje \u00faklid pro ostatn\u00ed? Jist\u011b p\u0159em\u00fd\u0161l\u00edte nad t\u00edm jak nakupovat \u010dist\u00edc\u00ed prost\u0159edky pro va\u0161i kancel\u00e1\u0159. Zajistit dostate\u010dn\u00fd po\u010det r\u016fzn\u00fdch \u010distic\u00edch prost\u0159edk\u016f nen\u00ed jednoduch\u00e9, proto\u017ee je pot\u0159eba propo\u010d\u00edtat podle \u010detnosti \u00faklidu jednotliv\u00fdch \u010d\u00e1st\u00ed kancel\u00e1\u0159e a z\u00e1zem\u00ed, kolik jednotliv\u00fdch typ\u016f \u010distidel bude pot\u0159eba a jak dlouho ka\u017ed\u00e9 balen\u00ed vydr\u017e\u00ed.V\u017edycky je lep\u0161\u00ed nakupovat ve v\u011bt\u0161\u00edm mno\u017estv\u00ed, aby v\u00e1m potom nic nechyb\u011blo. P\u0159i n\u00e1kupech velkou skladech dostanete nejlep\u0161\u00ed cenu za jednotliv\u00fd kus, ale nav\u00edc m\u016f\u017eete vyu\u017e\u00edt r\u016fzn\u00e9 mno\u017estevn\u00ed slevy. D\u00edky tomu v\u00e1s vyjde \u00faklid na m\u00e9n\u011b pen\u011bz, a nikdy v\u00e1m ve skladu nic nebude chyb\u011bt.                                                                                                                                                                                                                                                                                                                                                                                                  "},{"@context":"https:\/\/schema.org\/","@type":"BreadcrumbList","itemListElement":[{"@type":"ListItem","position":1,"name":"Kancel\u00e1\u0159 \u010dist\u00e1 a vo\u0148av\u00e1","item":"https:\/\/www.modanelli.cz\/kancelar-cista-a-vonava\/#breadcrumbitem"}]}]