[{"@context":"https:\/\/schema.org\/","@type":"Article","@id":"https:\/\/www.modanelli.cz\/komu-se-hodi-paruka-blond-s-dlouhymi-vlasy\/#Article","mainEntityOfPage":"https:\/\/www.modanelli.cz\/komu-se-hodi-paruka-blond-s-dlouhymi-vlasy\/","headline":"Komu se hod\u00ed paruka blond s dlouh\u00fdmi vlasy","name":"Komu se hod\u00ed paruka blond s dlouh\u00fdmi vlasy","description":"U\u010ditelka \u2013 u\u010ditelky vykon\u00e1vaj\u00ed nesm\u00edrn\u011b obt\u00ed\u017enou profesi, proto\u017ee se na n\u011b up\u00edn\u00e1 pozornost nejen, co se t\u00fd\u010de odborn\u00fdch znalost\u00ed, ale i jejich vzhledu. Paruka m\u016f\u017ee u\u010ditelk\u00e1m a profesork\u00e1m z\u00e1kladn\u00edch i st\u0159edn\u00edch \u0161kol v\u00fdrazn\u011b napom\u00e1hat ke zv\u00fd\u0161en\u00ed sebev\u011bdom\u00ed a k potla\u010den\u00ed nervozity a stresu. \u0160kolen\u00ed zam\u011bstnanc\u016f \u2013 v podobn\u00e9 pozici jako u\u010ditelky jsou i \u017eeny, co [&hellip;]","datePublished":"2024-08-14","dateModified":"2024-08-14","author":{"@type":"Person","@id":"https:\/\/www.modanelli.cz\/author\/#Person","name":"","url":"https:\/\/www.modanelli.cz\/author\/","identifier":1,"image":{"@type":"ImageObject","@id":"https:\/\/secure.gravatar.com\/avatar\/59b0e4716b6bc16861d789b0eb3efe04cb591482277f92a016ec4356fe735210?s=96&d=mm&r=g","url":"https:\/\/secure.gravatar.com\/avatar\/59b0e4716b6bc16861d789b0eb3efe04cb591482277f92a016ec4356fe735210?s=96&d=mm&r=g","height":96,"width":96}},"publisher":{"@type":"Organization","name":"modanelli.cz","logo":{"@type":"ImageObject","@id":"\/logo.png","url":"\/logo.png","width":600,"height":60}},"image":{"@type":"ImageObject","@id":"https:\/\/www.modanelli.cz\/wp-content\/uploads\/woman-7916848_640.jpg","url":"https:\/\/www.modanelli.cz\/wp-content\/uploads\/woman-7916848_640.jpg","height":0,"width":0},"url":"https:\/\/www.modanelli.cz\/komu-se-hodi-paruka-blond-s-dlouhymi-vlasy\/","about":["N\u00e1kupy"],"wordCount":407,"articleBody":"       U\u010ditelka \u2013 u\u010ditelky vykon\u00e1vaj\u00ed nesm\u00edrn\u011b obt\u00ed\u017enou profesi, proto\u017ee se na n\u011b up\u00edn\u00e1 pozornost nejen, co se t\u00fd\u010de odborn\u00fdch znalost\u00ed, ale i jejich vzhledu. Paruka m\u016f\u017ee u\u010ditelk\u00e1m a profesork\u00e1m z\u00e1kladn\u00edch i st\u0159edn\u00edch \u0161kol v\u00fdrazn\u011b napom\u00e1hat ke zv\u00fd\u0161en\u00ed sebev\u011bdom\u00ed a k potla\u010den\u00ed nervozity a stresu.\u0160kolen\u00ed zam\u011bstnanc\u016f \u2013 v podobn\u00e9 pozici jako u\u010ditelky jsou i \u017eeny, co prov\u00e1d\u00ed r\u016fzn\u00e1 \u0161kolen\u00ed zam\u011bstnanc\u016f. Sekret\u00e1\u0159ka \u0159editele \u2013 n\u011bkte\u0159\u00ed \u0159editel\u00e9 firem si z\u00e1m\u011brn\u011b vyb\u00edraj\u00ed na pozici sekret\u00e1\u0159ky atraktivn\u00ed d\u00edvku \u010di \u017eenu, ale mnoz\u00ed d\u00e1vaj\u00ed rad\u011bji p\u0159ednost profesn\u00edm schopnostem. Paruka z prav\u00fdch vlas\u016f tehdy m\u016f\u017ee b\u00fdt n\u00e1pomocn\u00e1 \u00fapln\u011b stejn\u011b, jako u\u010ditelk\u00e1m ve \u0161kole.Po\u0161kozen\u00ed a ztr\u00e1ta vlas\u016f \u2013 n\u011bkter\u00fdm \u017een\u00e1m se neda\u0159\u00ed udr\u017eet zdrav\u00fd \u017eivotn\u00ed styl, bu\u010fto na n\u011bj nedbaj\u00ed, nebo si nev\u00ed rady, anebo jsou natolik p\u0159et\u011b\u017eov\u00e1ny stresem, kter\u00fd zp\u016fsobuje nejen p\u0159ed\u010dasn\u00e9 \u0161ediv\u011bn\u00ed vlas\u016f, ale i jejich ztr\u00e1tu, nap\u0159\u00edklad v d\u016fsledku p\u0159et\u00ed\u017een\u00ed ledvin. Ne\u017eli se pokus\u00edte o n\u00e1pravu, m\u016f\u017ee se v\u00e1m hodit paruka blond dlouh\u00e9 vlasy https:\/\/prodluzovani.vlasy.cz\/paruky\/. Vyu\u017eijete ji jako do\u010dasnou v\u00fdpomoc, a pokud se v\u00e1m poda\u0159\u00ed vr\u00e1tit va\u0161im vlas\u016fm p\u0159irozen\u00fd vzhled, m\u016f\u017eete paruku pou\u017e\u00edvat i nad\u00e1le jako ob\u010dasn\u00e9 o\u017eiven\u00ed va\u0161eho kr\u00e1sn\u00e9ho \u017eensk\u00e9ho obli\u010deje. Chemoterapie \u2013 i to bohu\u017eel k sou\u010dasn\u00e9mu \u017eivotu mnoha \u017een pat\u0159\u00ed. Po ztr\u00e1t\u011b vlas\u016f p\u0159i chemoterapii p\u0159ijde paruka vhod ka\u017ed\u00e9 \u017een\u011b, i kdyby to nebyl zrovna exkluzivn\u00ed model. \u017dena bez vlas\u016f zkr\u00e1tka ztr\u00e1c\u00ed sv\u016fj p\u0159irozen\u00fd p\u016fvab.Zm\u011bna image \u2013 paruky nos\u00ed r\u00e1dy i \u017eeny, co maj\u00ed kr\u00e1sn\u00e9 a zdrav\u00e9 hust\u00e9 vlasy, ale cht\u011bj\u00ed jen zm\u011bnit svou image, ani\u017e by si vlasy ni\u010dily odbarvov\u00e1n\u00edm a barven\u00edm. Jednodu\u0161e si nasad\u00ed blond paruku a jejich p\u0159\u00e1tel\u00e9 se nesta\u010d\u00ed divit, co to s \u017eensk\u00fdm obli\u010dejem provede. A chcete-li jeden p\u0159\u00edklad za v\u0161echny, zhl\u00e9dn\u011bte film Marie Poled\u0148\u00e1kov\u00e9 \u201eJak vytrhnout velryb\u011b stoli\u010dku\u201c. Jana Preissov\u00e1 si tam obl\u00e9kne paruku, kter\u00e1 j\u00ed slu\u0161\u00ed \u00fapln\u011b stejn\u011b, jako jej\u00ed p\u0159irozen\u00e9 vlasy.                                                                                                                                                                                                                                                                                                                                                                                                  "},{"@context":"https:\/\/schema.org\/","@type":"BreadcrumbList","itemListElement":[{"@type":"ListItem","position":1,"name":"Komu se hod\u00ed paruka blond s dlouh\u00fdmi vlasy","item":"https:\/\/www.modanelli.cz\/komu-se-hodi-paruka-blond-s-dlouhymi-vlasy\/#breadcrumbitem"}]}]