[{"@context":"https:\/\/schema.org\/","@type":"Article","@id":"https:\/\/www.modanelli.cz\/na-urade-prace-vam-nepomohli\/#Article","mainEntityOfPage":"https:\/\/www.modanelli.cz\/na-urade-prace-vam-nepomohli\/","headline":"Na \u00da\u0159ad\u011b pr\u00e1ce v\u00e1m nepomohli?","name":"Na \u00da\u0159ad\u011b pr\u00e1ce v\u00e1m nepomohli?","description":"Ztr\u00e1ta zam\u011bstn\u00e1n\u00ed bol\u00ed v\u017edycky. \u010clov\u011bk si mus\u00ed hledat hned dal\u0161\u00ed, aby m\u011bl pen\u00edze a neskon\u010dil na ulici. Je to probl\u00e9m v ka\u017ed\u00e9m v\u011bku, ale nejhor\u0161\u00ed pozici na \u010desk\u00e9m trhu pr\u00e1ce za\u017e\u00edvaj\u00ed uchaze\u010di o zam\u011bstn\u00e1n\u00ed ve p\u0159edn\u00edm a pozd\u011bj\u0161\u00edm v\u011bku a tak\u00e9 matky po rodi\u010dovsk\u00e9 dovolen\u00e9. Jen m\u00e1lokomu se poda\u0159\u00ed m\u00edt pr\u00e1ci v podstat\u011b druh\u00fd den [&hellip;]","datePublished":"2023-11-14","dateModified":"2023-11-14","author":{"@type":"Person","@id":"https:\/\/www.modanelli.cz\/author\/#Person","name":"","url":"https:\/\/www.modanelli.cz\/author\/","identifier":1,"image":{"@type":"ImageObject","@id":"https:\/\/secure.gravatar.com\/avatar\/59b0e4716b6bc16861d789b0eb3efe04cb591482277f92a016ec4356fe735210?s=96&d=mm&r=g","url":"https:\/\/secure.gravatar.com\/avatar\/59b0e4716b6bc16861d789b0eb3efe04cb591482277f92a016ec4356fe735210?s=96&d=mm&r=g","height":96,"width":96}},"publisher":{"@type":"Organization","name":"modanelli.cz","logo":{"@type":"ImageObject","@id":"\/logo.png","url":"\/logo.png","width":600,"height":60}},"image":{"@type":"ImageObject","@id":"https:\/\/www.modanelli.cz\/wp-content\/uploads\/web-1045994_640_10_10_10_5.jpg","url":"https:\/\/www.modanelli.cz\/wp-content\/uploads\/web-1045994_640_10_10_10_5.jpg","height":0,"width":0},"url":"https:\/\/www.modanelli.cz\/na-urade-prace-vam-nepomohli\/","about":["Byznys"],"wordCount":412,"articleBody":"   Ztr\u00e1ta zam\u011bstn\u00e1n\u00ed bol\u00ed v\u017edycky. \u010clov\u011bk si mus\u00ed hledat hned dal\u0161\u00ed, aby m\u011bl pen\u00edze a neskon\u010dil na ulici. Je to probl\u00e9m v ka\u017ed\u00e9m v\u011bku, ale nejhor\u0161\u00ed pozici na \u010desk\u00e9m trhu pr\u00e1ce za\u017e\u00edvaj\u00ed uchaze\u010di o zam\u011bstn\u00e1n\u00ed ve p\u0159edn\u00edm a pozd\u011bj\u0161\u00edm v\u011bku a tak\u00e9 matky po rodi\u010dovsk\u00e9 dovolen\u00e9. Jen m\u00e1lokomu se poda\u0159\u00ed m\u00edt pr\u00e1ci v podstat\u011b druh\u00fd den po obdr\u017een\u00ed v\u00fdpov\u011bdi. V\u011bt\u0161ina lid\u00ed hled\u00e1 pr\u00e1ci dlouh\u00e9 t\u00fddny a\u017e m\u011bs\u00edce, v extr\u00e9mn\u00edch p\u0159\u00edpadech i roky. Z\u00e1le\u017e\u00ed toti\u017e i na tom, kde bydl\u00edte. Jsou kraje, kde je nezam\u011bstnanost opravdu vysok\u00e1.Co ud\u011blat jinak? \u00da\u0159ady pr\u00e1ce nab\u00edz\u00ed rekvalifika\u010dn\u00ed kurzy, kter\u00e9 maj\u00ed lidem pom\u00e1hat s hled\u00e1n\u00edm zam\u011bstn\u00e1n\u00ed. V\u011bt\u0161ina kurz\u016f je zam\u011b\u0159ena na b\u011b\u017en\u00e9 profese jako je nap\u0159\u00edklad kade\u0159nice, obr\u00e1b\u011b\u010d nebo t\u0159eba \u00fa\u010detn\u00ed. P\u0159ed pod\u00e1n\u00edm p\u0159ihl\u00e1\u0161ky do n\u011bkter\u00e9ho z kurz\u016f je dobr\u00e9 se nejprve pod\u00edvat na nab\u00eddky pr\u00e1ce ve va\u0161em okol\u00ed, abyste si ned\u011blali kurz zbyte\u010dn\u011b. M\u016f\u017ee se potom nav\u00edc st\u00e1t, \u017ee budete m\u00edt probl\u00e9my pr\u00e1v\u011b s \u00da\u0159adem pr\u00e1ce. Nejlep\u0161\u00ed je ud\u011blat si rekvalifika\u010dn\u00ed kurz IT, kter\u00fd v\u00e1m pom\u016f\u017ee sehnat velice dob\u0159e placen\u00e9 m\u00edsto v oboru programov\u00e1n\u00ed. Je to perspektivn\u00ed obor, kter\u00fd m\u00e1m dve\u0159e otev\u0159en\u00e9 pro ka\u017ed\u00e9ho, kdo chce pracovat na zaj\u00edmav\u00fdch projektech, kdo se neboj\u00ed zm\u011bny a kdo che m\u00edt jistotu zam\u011bstn\u00e1n\u00ed v ka\u017ed\u00e9 dob\u011b.Nab\u00edz\u00edme mnoho kurz\u016f programov\u00e1n\u00ed, kter\u00e9 jsou zam\u011b\u0159eny nejen na teoretickou rovinu, kter\u00e1 je samoz\u0159ejm\u011b d\u016fle\u017eit\u00e1, ale hlavn\u011b na praktickou \u010d\u00e1st programov\u00e1n\u00ed. D\u00edky tomu si velice rychle osvoj\u00edte dovednosti programov\u00e1n\u00ed a budete schopni pracovat samostatn\u011b.Na\u0161i studenti opou\u0161t\u00ed kurz p\u0159ipraveni na prvn\u00ed zam\u011bstn\u00e1n\u00ed, kter\u00e9 jim pom\u00e1h\u00e1me aktivn\u011b hledat. Nutno podotknout, \u017ee nikdo z na\u0161ich absolvent\u016f neskon\u010dil bez zam\u011bstn\u00e1n\u00ed. Sna\u017e\u00edme se o to, aby byli na\u0161i studenti atraktivn\u00ed pro men\u0161\u00ed firmy i pro korpor\u00e1ty. Zapi\u0161te se k n\u00e1m, zvy\u0161te si svou kvalifikaci a zam\u011bstnavatel\u00e9 se o v\u00e1s poperou.                                                                                                                                                                                                                                                                                                                                                                                                  "},{"@context":"https:\/\/schema.org\/","@type":"BreadcrumbList","itemListElement":[{"@type":"ListItem","position":1,"name":"Na \u00da\u0159ad\u011b pr\u00e1ce v\u00e1m nepomohli?","item":"https:\/\/www.modanelli.cz\/na-urade-prace-vam-nepomohli\/#breadcrumbitem"}]}]