[{"@context":"https:\/\/schema.org\/","@type":"Article","@id":"https:\/\/www.modanelli.cz\/odpocinek-je-fajn\/#Article","mainEntityOfPage":"https:\/\/www.modanelli.cz\/odpocinek-je-fajn\/","headline":"Odpo\u010dinek je fajn","name":"Odpo\u010dinek je fajn","description":"Mo\u017en\u00e1, \u017ee jste pracovn\u011b vyt\u00ed\u017een\u00ed a prost\u011b jste furt v pracovn\u00edm z\u00e1p\u0159ahu a nem\u00e1te \u010das ani na sebe, ani na ostatn\u00ed okolo sebe. Nikam nechod\u00edte, na kamar\u00e1dky nem\u00e1te \u010das. To je \u0161patn\u011b a m\u011bli byste si to uv\u011bdomit. I relax a odpo\u010dinek a vlastn\u011b m\u00edt \u010das s\u00e1m pro sebe a pro sv\u00e9 milovan\u00e9 je d\u016fle\u017eit\u00e9. [&hellip;]","datePublished":"2024-08-06","dateModified":"2024-08-06","author":{"@type":"Person","@id":"https:\/\/www.modanelli.cz\/author\/#Person","name":"","url":"https:\/\/www.modanelli.cz\/author\/","identifier":1,"image":{"@type":"ImageObject","@id":"https:\/\/secure.gravatar.com\/avatar\/59b0e4716b6bc16861d789b0eb3efe04cb591482277f92a016ec4356fe735210?s=96&d=mm&r=g","url":"https:\/\/secure.gravatar.com\/avatar\/59b0e4716b6bc16861d789b0eb3efe04cb591482277f92a016ec4356fe735210?s=96&d=mm&r=g","height":96,"width":96}},"publisher":{"@type":"Organization","name":"modanelli.cz","logo":{"@type":"ImageObject","@id":"\/logo.png","url":"\/logo.png","width":600,"height":60}},"image":{"@type":"ImageObject","@id":"https:\/\/www.modanelli.cz\/wp-content\/uploads\/pexels-kadiravsarr-24877168_1.jpg","url":"https:\/\/www.modanelli.cz\/wp-content\/uploads\/pexels-kadiravsarr-24877168_1.jpg","height":0,"width":0},"url":"https:\/\/www.modanelli.cz\/odpocinek-je-fajn\/","about":["Byznys"],"wordCount":411,"articleBody":"   Mo\u017en\u00e1, \u017ee jste pracovn\u011b vyt\u00ed\u017een\u00ed a prost\u011b jste furt v pracovn\u00edm z\u00e1p\u0159ahu a nem\u00e1te \u010das ani na sebe, ani na ostatn\u00ed okolo sebe. Nikam nechod\u00edte, na kamar\u00e1dky nem\u00e1te \u010das. To je \u0161patn\u011b a m\u011bli byste si to uv\u011bdomit. I relax a odpo\u010dinek a vlastn\u011b m\u00edt \u010das s\u00e1m pro sebe a pro sv\u00e9 milovan\u00e9 je d\u016fle\u017eit\u00e9. A v\u00edte, co pom\u00e1h\u00e1, kdy\u017e jste dlouho v z\u00e1p\u0159ahu? P\u0159esn\u011b ten relax. A co takhle si jej ud\u011blat v podob\u011b levn\u00e9ho ubytov\u00e1n\u00ed Beskydy Rzehaczek? Jak v\u00edte, v Beskydech je kr\u00e1sn\u011b. N\u00e1dhern\u00e1 p\u0159\u00edroda, plno v\u011bc\u00ed, kter\u00e9 by v\u00e1s mohly zaujmout. Nav\u00edc kdy\u017e jdete na proch\u00e1zku v Beskydech, c\u00edt\u00edte se jako v poh\u00e1dce. A te\u010f k tomu ubytov\u00e1n\u00ed. J\u00e1 jsem taky docela pracovn\u011b vyt\u00ed\u017een\u00e1, ale uv\u011bdomila jsem si, \u017ee prost\u011b nemohu jenom pracovat a \u017ee si taky sem tam mus\u00edm n\u011bkam zajet odpo\u010dinout. Tak\u017ee jsem p\u0159em\u00fd\u0161lela pr\u00e1v\u011b nad Beskydy a hledala jsem vhodn\u00e9 levn\u00e9 ubytov\u00e1n\u00ed Beskydy na internetu, a nakonec jsem na\u0161la. A v\u011b\u0159te mi, \u017ee i kdy\u017e ubytov\u00e1n\u00ed bylo levn\u00e9, tak po p\u0159edchoz\u00edch zku\u0161enostech, kdy\u017e jsem tam byla, tak mohu \u0159\u00edct, \u017ee jsem se tam opravdu c\u00edtila luxusn\u011b a cena na to v\u016fbec nem\u011bla vliv. \u0158ekla bych, \u017ee jsem se tam vlastn\u011b c\u00edtila l\u00e9pe, ne\u017e kdybych byla ubytovan\u00e1 v n\u011bjak\u00e9m hotelu. Majitel\u00e9 byli hrozn\u011b p\u0159\u00e1tel\u0161t\u00ed a mil\u00ed, sou\u010d\u00e1st\u00ed ubytov\u00e1n\u00ed bylo i wellness a v\u00ed\u0159ivka, co\u017e jsem j\u00e1 jako milovn\u00edk v\u00ed\u0159ivek hrozn\u011b moc ocenila a c\u00edtila jsem se tam neskute\u010dn\u011b n\u00e1dhern\u011b. Hned z okna jsem m\u011bla v\u00fdhled na kr\u00e1snou p\u0159\u00edrodu. Chodila jsem do wellnessu, dokonce tam m\u011bli i mo\u017enost mas\u00e1\u017e\u00ed za p\u0159\u00edplatek, za co\u017e jsem taky byla nesm\u00edrn\u011b r\u00e1da, proto\u017ee mas\u00e1\u017e jsem m\u011bla po dlouh\u00e9 dob\u011b a m\u016f\u017eu v\u00e1m \u0159\u00edct, \u017ee mi opravdu bodla. Pokud taky hled\u00e1te n\u011bjak\u00e9 podobn\u00e9 ubytov\u00e1n\u00ed v tomhle stylu, tak pokud se ubytujete u nich, tak rozhodn\u011b toho nebudete litovat, a naopak budete nad\u0161en\u00ed. Kdy\u017e to tak \u0159eknu, tak za m\u00e1lo pen\u011bz m\u00e1te kr\u00e1sn\u00e9 ubytov\u00e1n\u00ed i s v\u00ed\u0159ivkou a wellness. N\u00e1dhera.                                                                                                                                                                                                                                                                                                                                                                                                  "},{"@context":"https:\/\/schema.org\/","@type":"BreadcrumbList","itemListElement":[{"@type":"ListItem","position":1,"name":"Odpo\u010dinek je fajn","item":"https:\/\/www.modanelli.cz\/odpocinek-je-fajn\/#breadcrumbitem"}]}]