[{"@context":"https:\/\/schema.org\/","@type":"Blog","@id":"https:\/\/www.modanelli.cz#Blog","headline":"Modanelli","description":"\nI kdybyste pr\u00e1v\u011b za\u017e\u00edvali neradostn\u00e9 chv\u00edle, nemus\u00ed b\u00fdt zase a\u017e tak zle. N\u00e1\u0161 web v\u00e1m jist\u011b pom\u016f\u017ee naj\u00edt n\u011bjak\u00e9 to \u0159e\u0161en\u00ed mnoha va\u0161ich tr\u00e1pen\u00ed.","url":"https:\/\/www.modanelli.cz","hasPart":[{"@type":"Article","@id":"https:\/\/www.modanelli.cz\/hry-pro-vsechny\/","headline":"Hry pro v\u0161echny","url":"https:\/\/www.modanelli.cz\/hry-pro-vsechny\/","datePublished":"2024-05-03","dateModified":"2024-06-04","mainEntityOfPage":"https:\/\/www.modanelli.cz\/hry-pro-vsechny\/","author":{"@type":"Person","@id":"https:\/\/www.modanelli.cz\/author\/#Person","name":"","url":"https:\/\/www.modanelli.cz\/author\/","identifier":1,"image":{"@type":"ImageObject","@id":"https:\/\/secure.gravatar.com\/avatar\/59b0e4716b6bc16861d789b0eb3efe04cb591482277f92a016ec4356fe735210?s=96&d=mm&r=g","url":"https:\/\/secure.gravatar.com\/avatar\/59b0e4716b6bc16861d789b0eb3efe04cb591482277f92a016ec4356fe735210?s=96&d=mm&r=g","height":96,"width":96}},"publisher":{"@type":"Organization","name":"modanelli.cz","logo":{"@type":"ImageObject","@id":"\/logo.png","url":"\/logo.png","width":600,"height":60}},"image":{"@type":"ImageObject","@id":"https:\/\/www.modanelli.cz\/wp-content\/uploads\/ball-2437026_960_720.jpg","url":"https:\/\/www.modanelli.cz\/wp-content\/uploads\/ball-2437026_960_720.jpg","height":0,"width":0},"wordCount":524,"keywords":null},{"@type":"Article","@id":"https:\/\/www.modanelli.cz\/kde-koupit-stare-hracky-z-doby-socialismu\/","headline":"Kde koupit star\u00e9 hra\u010dky z doby socialismu","url":"https:\/\/www.modanelli.cz\/kde-koupit-stare-hracky-z-doby-socialismu\/","datePublished":"2024-04-28","dateModified":"2024-06-04","mainEntityOfPage":"https:\/\/www.modanelli.cz\/kde-koupit-stare-hracky-z-doby-socialismu\/","author":{"@type":"Person","@id":"https:\/\/www.modanelli.cz\/author\/#Person","name":"","url":"https:\/\/www.modanelli.cz\/author\/","identifier":1,"image":{"@type":"ImageObject","@id":"https:\/\/secure.gravatar.com\/avatar\/59b0e4716b6bc16861d789b0eb3efe04cb591482277f92a016ec4356fe735210?s=96&d=mm&r=g","url":"https:\/\/secure.gravatar.com\/avatar\/59b0e4716b6bc16861d789b0eb3efe04cb591482277f92a016ec4356fe735210?s=96&d=mm&r=g","height":96,"width":96}},"publisher":{"@type":"Organization","name":"modanelli.cz","logo":{"@type":"ImageObject","@id":"\/logo.png","url":"\/logo.png","width":600,"height":60}},"image":{"@type":"ImageObject","@id":"https:\/\/www.modanelli.cz\/wp-content\/uploads\/building-blocks-4913375_640_1.jpg","url":"https:\/\/www.modanelli.cz\/wp-content\/uploads\/building-blocks-4913375_640_1.jpg","height":0,"width":0},"wordCount":590,"keywords":null},{"@type":"Article","@id":"https:\/\/www.modanelli.cz\/elektrikar-proveri-vasi-nemovitost\/","headline":"Elektrik\u00e1\u0159 prov\u011b\u0159\u00ed va\u0161i nemovitost","url":"https:\/\/www.modanelli.cz\/elektrikar-proveri-vasi-nemovitost\/","datePublished":"2024-04-22","dateModified":"2024-05-24","mainEntityOfPage":"https:\/\/www.modanelli.cz\/elektrikar-proveri-vasi-nemovitost\/","author":{"@type":"Person","@id":"https:\/\/www.modanelli.cz\/author\/#Person","name":"","url":"https:\/\/www.modanelli.cz\/author\/","identifier":1,"image":{"@type":"ImageObject","@id":"https:\/\/secure.gravatar.com\/avatar\/59b0e4716b6bc16861d789b0eb3efe04cb591482277f92a016ec4356fe735210?s=96&d=mm&r=g","url":"https:\/\/secure.gravatar.com\/avatar\/59b0e4716b6bc16861d789b0eb3efe04cb591482277f92a016ec4356fe735210?s=96&d=mm&r=g","height":96,"width":96}},"publisher":{"@type":"Organization","name":"modanelli.cz","logo":{"@type":"ImageObject","@id":"\/logo.png","url":"\/logo.png","width":600,"height":60}},"image":{"@type":"ImageObject","@id":"https:\/\/www.modanelli.cz\/wp-content\/uploads\/electrician-2755688_640.jpg","url":"https:\/\/www.modanelli.cz\/wp-content\/uploads\/electrician-2755688_640.jpg","height":0,"width":0},"wordCount":559,"keywords":null},{"@type":"Article","@id":"https:\/\/www.modanelli.cz\/dokazte-svou-lasku-krasnym-diamantovym-prstenem\/","headline":"Doka\u017ete svou l\u00e1sku kr\u00e1sn\u00fdm diamantov\u00fdm prstenem","url":"https:\/\/www.modanelli.cz\/dokazte-svou-lasku-krasnym-diamantovym-prstenem\/","datePublished":"2024-04-06","dateModified":"2024-04-06","mainEntityOfPage":"https:\/\/www.modanelli.cz\/dokazte-svou-lasku-krasnym-diamantovym-prstenem\/","author":{"@type":"Person","@id":"https:\/\/www.modanelli.cz\/author\/#Person","name":"","url":"https:\/\/www.modanelli.cz\/author\/","identifier":1,"image":{"@type":"ImageObject","@id":"https:\/\/secure.gravatar.com\/avatar\/59b0e4716b6bc16861d789b0eb3efe04cb591482277f92a016ec4356fe735210?s=96&d=mm&r=g","url":"https:\/\/secure.gravatar.com\/avatar\/59b0e4716b6bc16861d789b0eb3efe04cb591482277f92a016ec4356fe735210?s=96&d=mm&r=g","height":96,"width":96}},"publisher":{"@type":"Organization","name":"modanelli.cz","logo":{"@type":"ImageObject","@id":"\/logo.png","url":"\/logo.png","width":600,"height":60}},"image":null,"wordCount":304,"keywords":null},{"@type":"Article","@id":"https:\/\/www.modanelli.cz\/karetni-hry\/","headline":"Karetn\u00ed hry","url":"https:\/\/www.modanelli.cz\/karetni-hry\/","datePublished":"2024-04-04","dateModified":"2024-04-04","mainEntityOfPage":"https:\/\/www.modanelli.cz\/karetni-hry\/","author":{"@type":"Person","@id":"https:\/\/www.modanelli.cz\/author\/#Person","name":"","url":"https:\/\/www.modanelli.cz\/author\/","identifier":1,"image":{"@type":"ImageObject","@id":"https:\/\/secure.gravatar.com\/avatar\/59b0e4716b6bc16861d789b0eb3efe04cb591482277f92a016ec4356fe735210?s=96&d=mm&r=g","url":"https:\/\/secure.gravatar.com\/avatar\/59b0e4716b6bc16861d789b0eb3efe04cb591482277f92a016ec4356fe735210?s=96&d=mm&r=g","height":96,"width":96}},"publisher":{"@type":"Organization","name":"modanelli.cz","logo":{"@type":"ImageObject","@id":"\/logo.png","url":"\/logo.png","width":600,"height":60}},"image":{"@type":"ImageObject","@id":"https:\/\/www.modanelli.cz\/wp-content\/uploads\/cards-627167_640.jpg","url":"https:\/\/www.modanelli.cz\/wp-content\/uploads\/cards-627167_640.jpg","height":0,"width":0},"wordCount":548,"keywords":null},{"@type":"Article","@id":"https:\/\/www.modanelli.cz\/jak-nosit-rudou-rtenku\/","headline":"Jak nosit rudou rt\u011bnku?","url":"https:\/\/www.modanelli.cz\/jak-nosit-rudou-rtenku\/","datePublished":"2024-03-28","dateModified":"2024-03-28","mainEntityOfPage":"https:\/\/www.modanelli.cz\/jak-nosit-rudou-rtenku\/","author":{"@type":"Person","@id":"https:\/\/www.modanelli.cz\/author\/#Person","name":"","url":"https:\/\/www.modanelli.cz\/author\/","identifier":1,"image":{"@type":"ImageObject","@id":"https:\/\/secure.gravatar.com\/avatar\/59b0e4716b6bc16861d789b0eb3efe04cb591482277f92a016ec4356fe735210?s=96&d=mm&r=g","url":"https:\/\/secure.gravatar.com\/avatar\/59b0e4716b6bc16861d789b0eb3efe04cb591482277f92a016ec4356fe735210?s=96&d=mm&r=g","height":96,"width":96}},"publisher":{"@type":"Organization","name":"modanelli.cz","logo":{"@type":"ImageObject","@id":"\/logo.png","url":"\/logo.png","width":600,"height":60}},"image":{"@type":"ImageObject","@id":"https:\/\/www.modanelli.cz\/wp-content\/uploads\/tamara-bellis-VF75PMEdvX8-unsplash.jpg","url":"https:\/\/www.modanelli.cz\/wp-content\/uploads\/tamara-bellis-VF75PMEdvX8-unsplash.jpg","height":0,"width":0},"wordCount":596,"keywords":null},{"@type":"Article","@id":"https:\/\/www.modanelli.cz\/zapomente-na-drahe-kamenne-obchody\/","headline":"Zapome\u0148te na drah\u00e9 kamenn\u00e9 obchody","url":"https:\/\/www.modanelli.cz\/zapomente-na-drahe-kamenne-obchody\/","datePublished":"2024-03-26","dateModified":"2024-03-26","mainEntityOfPage":"https:\/\/www.modanelli.cz\/zapomente-na-drahe-kamenne-obchody\/","author":{"@type":"Person","@id":"https:\/\/www.modanelli.cz\/author\/#Person","name":"","url":"https:\/\/www.modanelli.cz\/author\/","identifier":1,"image":{"@type":"ImageObject","@id":"https:\/\/secure.gravatar.com\/avatar\/59b0e4716b6bc16861d789b0eb3efe04cb591482277f92a016ec4356fe735210?s=96&d=mm&r=g","url":"https:\/\/secure.gravatar.com\/avatar\/59b0e4716b6bc16861d789b0eb3efe04cb591482277f92a016ec4356fe735210?s=96&d=mm&r=g","height":96,"width":96}},"publisher":{"@type":"Organization","name":"modanelli.cz","logo":{"@type":"ImageObject","@id":"\/logo.png","url":"\/logo.png","width":600,"height":60}},"image":null,"wordCount":280,"keywords":null},{"@type":"Article","@id":"https:\/\/www.modanelli.cz\/osmak-degu-skvely-mini-mazlik\/","headline":"Osm\u00e1k degu- skv\u011bl\u00fd mini mazl\u00edk","url":"https:\/\/www.modanelli.cz\/osmak-degu-skvely-mini-mazlik\/","datePublished":"2024-03-19","dateModified":"2024-03-19","mainEntityOfPage":"https:\/\/www.modanelli.cz\/osmak-degu-skvely-mini-mazlik\/","author":{"@type":"Person","@id":"https:\/\/www.modanelli.cz\/author\/#Person","name":"","url":"https:\/\/www.modanelli.cz\/author\/","identifier":1,"image":{"@type":"ImageObject","@id":"https:\/\/secure.gravatar.com\/avatar\/59b0e4716b6bc16861d789b0eb3efe04cb591482277f92a016ec4356fe735210?s=96&d=mm&r=g","url":"https:\/\/secure.gravatar.com\/avatar\/59b0e4716b6bc16861d789b0eb3efe04cb591482277f92a016ec4356fe735210?s=96&d=mm&r=g","height":96,"width":96}},"publisher":{"@type":"Organization","name":"modanelli.cz","logo":{"@type":"ImageObject","@id":"\/logo.png","url":"\/logo.png","width":600,"height":60}},"image":{"@type":"ImageObject","@id":"https:\/\/www.modanelli.cz\/wp-content\/uploads\/cage-273218_640.jpg","url":"https:\/\/www.modanelli.cz\/wp-content\/uploads\/cage-273218_640.jpg","height":0,"width":0},"wordCount":566,"keywords":null},{"@type":"Article","@id":"https:\/\/www.modanelli.cz\/s-dodavkou-nejen-na-vltavu\/","headline":"S dod\u00e1vkou (nejen) na Vltavu","url":"https:\/\/www.modanelli.cz\/s-dodavkou-nejen-na-vltavu\/","datePublished":"2024-03-18","dateModified":"2024-03-18","mainEntityOfPage":"https:\/\/www.modanelli.cz\/s-dodavkou-nejen-na-vltavu\/","author":{"@type":"Person","@id":"https:\/\/www.modanelli.cz\/author\/#Person","name":"","url":"https:\/\/www.modanelli.cz\/author\/","identifier":1,"image":{"@type":"ImageObject","@id":"https:\/\/secure.gravatar.com\/avatar\/59b0e4716b6bc16861d789b0eb3efe04cb591482277f92a016ec4356fe735210?s=96&d=mm&r=g","url":"https:\/\/secure.gravatar.com\/avatar\/59b0e4716b6bc16861d789b0eb3efe04cb591482277f92a016ec4356fe735210?s=96&d=mm&r=g","height":96,"width":96}},"publisher":{"@type":"Organization","name":"modanelli.cz","logo":{"@type":"ImageObject","@id":"\/logo.png","url":"\/logo.png","width":600,"height":60}},"image":{"@type":"ImageObject","@id":"https:\/\/www.modanelli.cz\/wp-content\/uploads\/rosenberg-castle-255656_640_2.jpg","url":"https:\/\/www.modanelli.cz\/wp-content\/uploads\/rosenberg-castle-255656_640_2.jpg","height":0,"width":0},"wordCount":546,"keywords":null},{"@type":"Article","@id":"https:\/\/www.modanelli.cz\/chci-bydlet-krasne\/","headline":"Chci bydlet kr\u00e1sn\u011b","url":"https:\/\/www.modanelli.cz\/chci-bydlet-krasne\/","datePublished":"2024-02-28","dateModified":"2024-02-28","mainEntityOfPage":"https:\/\/www.modanelli.cz\/chci-bydlet-krasne\/","author":{"@type":"Person","@id":"https:\/\/www.modanelli.cz\/author\/#Person","name":"","url":"https:\/\/www.modanelli.cz\/author\/","identifier":1,"image":{"@type":"ImageObject","@id":"https:\/\/secure.gravatar.com\/avatar\/59b0e4716b6bc16861d789b0eb3efe04cb591482277f92a016ec4356fe735210?s=96&d=mm&r=g","url":"https:\/\/secure.gravatar.com\/avatar\/59b0e4716b6bc16861d789b0eb3efe04cb591482277f92a016ec4356fe735210?s=96&d=mm&r=g","height":96,"width":96}},"publisher":{"@type":"Organization","name":"modanelli.cz","logo":{"@type":"ImageObject","@id":"\/logo.png","url":"\/logo.png","width":600,"height":60}},"image":{"@type":"ImageObject","@id":"https:\/\/www.modanelli.cz\/wp-content\/uploads\/poppy-3137588_640.jpg","url":"https:\/\/www.modanelli.cz\/wp-content\/uploads\/poppy-3137588_640.jpg","height":0,"width":0},"wordCount":500,"keywords":null}]},{"@context":"https:\/\/schema.org","@type":"WebSite","@id":"https:\/\/www.modanelli.cz\/#website","name":"Modanelli","url":"https:\/\/www.modanelli.cz","potentialAction":{"@type":"SearchAction","target":"https:\/\/www.modanelli.cz\/?s={search_term_string}","query-input":"required name=search_term_string"}}]