[{"@context":"https:\/\/schema.org\/","@type":"Blog","@id":"https:\/\/www.modanelli.cz#Blog","headline":"Modanelli","description":"\nI kdybyste pr\u00e1v\u011b za\u017e\u00edvali neradostn\u00e9 chv\u00edle, nemus\u00ed b\u00fdt zase a\u017e tak zle. N\u00e1\u0161 web v\u00e1m jist\u011b pom\u016f\u017ee naj\u00edt n\u011bjak\u00e9 to \u0159e\u0161en\u00ed mnoha va\u0161ich tr\u00e1pen\u00ed.","url":"https:\/\/www.modanelli.cz","hasPart":[{"@type":"Article","@id":"https:\/\/www.modanelli.cz\/na-urade-prace-vam-nepomohli\/","headline":"Na \u00da\u0159ad\u011b pr\u00e1ce v\u00e1m nepomohli?","url":"https:\/\/www.modanelli.cz\/na-urade-prace-vam-nepomohli\/","datePublished":"2023-11-14","dateModified":"2023-11-14","mainEntityOfPage":"https:\/\/www.modanelli.cz\/na-urade-prace-vam-nepomohli\/","author":{"@type":"Person","@id":"https:\/\/www.modanelli.cz\/author\/#Person","name":"","url":"https:\/\/www.modanelli.cz\/author\/","identifier":1,"image":{"@type":"ImageObject","@id":"https:\/\/secure.gravatar.com\/avatar\/59b0e4716b6bc16861d789b0eb3efe04cb591482277f92a016ec4356fe735210?s=96&d=mm&r=g","url":"https:\/\/secure.gravatar.com\/avatar\/59b0e4716b6bc16861d789b0eb3efe04cb591482277f92a016ec4356fe735210?s=96&d=mm&r=g","height":96,"width":96}},"publisher":{"@type":"Organization","name":"modanelli.cz","logo":{"@type":"ImageObject","@id":"\/logo.png","url":"\/logo.png","width":600,"height":60}},"image":{"@type":"ImageObject","@id":"https:\/\/www.modanelli.cz\/wp-content\/uploads\/web-1045994_640_10_10_10_5.jpg","url":"https:\/\/www.modanelli.cz\/wp-content\/uploads\/web-1045994_640_10_10_10_5.jpg","height":0,"width":0},"wordCount":536,"keywords":null},{"@type":"Article","@id":"https:\/\/www.modanelli.cz\/oblibena-joga\/","headline":"Obl\u00edben\u00e1 j\u00f3ga","url":"https:\/\/www.modanelli.cz\/oblibena-joga\/","datePublished":"2023-11-08","dateModified":"2023-11-08","mainEntityOfPage":"https:\/\/www.modanelli.cz\/oblibena-joga\/","author":{"@type":"Person","@id":"https:\/\/www.modanelli.cz\/author\/#Person","name":"","url":"https:\/\/www.modanelli.cz\/author\/","identifier":1,"image":{"@type":"ImageObject","@id":"https:\/\/secure.gravatar.com\/avatar\/59b0e4716b6bc16861d789b0eb3efe04cb591482277f92a016ec4356fe735210?s=96&d=mm&r=g","url":"https:\/\/secure.gravatar.com\/avatar\/59b0e4716b6bc16861d789b0eb3efe04cb591482277f92a016ec4356fe735210?s=96&d=mm&r=g","height":96,"width":96}},"publisher":{"@type":"Organization","name":"modanelli.cz","logo":{"@type":"ImageObject","@id":"\/logo.png","url":"\/logo.png","width":600,"height":60}},"image":{"@type":"ImageObject","@id":"https:\/\/www.modanelli.cz\/wp-content\/uploads\/person-1281607_1280.jpg","url":"https:\/\/www.modanelli.cz\/wp-content\/uploads\/person-1281607_1280.jpg","height":0,"width":0},"wordCount":512,"keywords":null},{"@type":"Article","@id":"https:\/\/www.modanelli.cz\/psi-misto-v-ditete\/","headline":"Psi m\u00edsto v d\u00edt\u011bte","url":"https:\/\/www.modanelli.cz\/psi-misto-v-ditete\/","datePublished":"2023-10-30","dateModified":"2023-10-30","mainEntityOfPage":"https:\/\/www.modanelli.cz\/psi-misto-v-ditete\/","author":{"@type":"Person","@id":"https:\/\/www.modanelli.cz\/author\/#Person","name":"","url":"https:\/\/www.modanelli.cz\/author\/","identifier":1,"image":{"@type":"ImageObject","@id":"https:\/\/secure.gravatar.com\/avatar\/59b0e4716b6bc16861d789b0eb3efe04cb591482277f92a016ec4356fe735210?s=96&d=mm&r=g","url":"https:\/\/secure.gravatar.com\/avatar\/59b0e4716b6bc16861d789b0eb3efe04cb591482277f92a016ec4356fe735210?s=96&d=mm&r=g","height":96,"width":96}},"publisher":{"@type":"Organization","name":"modanelli.cz","logo":{"@type":"ImageObject","@id":"\/logo.png","url":"\/logo.png","width":600,"height":60}},"image":{"@type":"ImageObject","@id":"https:\/\/www.modanelli.cz\/wp-content\/uploads\/chihuahua-4730005_1280.jpg","url":"https:\/\/www.modanelli.cz\/wp-content\/uploads\/chihuahua-4730005_1280.jpg","height":0,"width":0},"wordCount":569,"keywords":null},{"@type":"Article","@id":"https:\/\/www.modanelli.cz\/rozpad-vztahu\/","headline":"Rozpad vztah\u016f","url":"https:\/\/www.modanelli.cz\/rozpad-vztahu\/","datePublished":"2023-10-29","dateModified":"2023-10-29","mainEntityOfPage":"https:\/\/www.modanelli.cz\/rozpad-vztahu\/","author":{"@type":"Person","@id":"https:\/\/www.modanelli.cz\/author\/#Person","name":"","url":"https:\/\/www.modanelli.cz\/author\/","identifier":1,"image":{"@type":"ImageObject","@id":"https:\/\/secure.gravatar.com\/avatar\/59b0e4716b6bc16861d789b0eb3efe04cb591482277f92a016ec4356fe735210?s=96&d=mm&r=g","url":"https:\/\/secure.gravatar.com\/avatar\/59b0e4716b6bc16861d789b0eb3efe04cb591482277f92a016ec4356fe735210?s=96&d=mm&r=g","height":96,"width":96}},"publisher":{"@type":"Organization","name":"modanelli.cz","logo":{"@type":"ImageObject","@id":"\/logo.png","url":"\/logo.png","width":600,"height":60}},"image":{"@type":"ImageObject","@id":"https:\/\/www.modanelli.cz\/wp-content\/uploads\/pexels-asadphoto-1024975_1.jpg","url":"https:\/\/www.modanelli.cz\/wp-content\/uploads\/pexels-asadphoto-1024975_1.jpg","height":0,"width":0},"wordCount":547,"keywords":null},{"@type":"Article","@id":"https:\/\/www.modanelli.cz\/kde-nakupovat-modu\/","headline":"Kde nakupovat m\u00f3du?","url":"https:\/\/www.modanelli.cz\/kde-nakupovat-modu\/","datePublished":"2023-10-23","dateModified":"2023-10-23","mainEntityOfPage":"https:\/\/www.modanelli.cz\/kde-nakupovat-modu\/","author":{"@type":"Person","@id":"https:\/\/www.modanelli.cz\/author\/#Person","name":"","url":"https:\/\/www.modanelli.cz\/author\/","identifier":1,"image":{"@type":"ImageObject","@id":"https:\/\/secure.gravatar.com\/avatar\/59b0e4716b6bc16861d789b0eb3efe04cb591482277f92a016ec4356fe735210?s=96&d=mm&r=g","url":"https:\/\/secure.gravatar.com\/avatar\/59b0e4716b6bc16861d789b0eb3efe04cb591482277f92a016ec4356fe735210?s=96&d=mm&r=g","height":96,"width":96}},"publisher":{"@type":"Organization","name":"modanelli.cz","logo":{"@type":"ImageObject","@id":"\/logo.png","url":"\/logo.png","width":600,"height":60}},"image":{"@type":"ImageObject","@id":"https:\/\/www.modanelli.cz\/wp-content\/uploads\/pexels-polina-tankilevitch-3905875_3.jpg","url":"https:\/\/www.modanelli.cz\/wp-content\/uploads\/pexels-polina-tankilevitch-3905875_3.jpg","height":0,"width":0},"wordCount":516,"keywords":null},{"@type":"Article","@id":"https:\/\/www.modanelli.cz\/od-zacatku-az-do-konce\/","headline":"Od za\u010d\u00e1tku a\u017e do konce","url":"https:\/\/www.modanelli.cz\/od-zacatku-az-do-konce\/","datePublished":"2023-10-18","dateModified":"2023-10-18","mainEntityOfPage":"https:\/\/www.modanelli.cz\/od-zacatku-az-do-konce\/","author":{"@type":"Person","@id":"https:\/\/www.modanelli.cz\/author\/#Person","name":"","url":"https:\/\/www.modanelli.cz\/author\/","identifier":1,"image":{"@type":"ImageObject","@id":"https:\/\/secure.gravatar.com\/avatar\/59b0e4716b6bc16861d789b0eb3efe04cb591482277f92a016ec4356fe735210?s=96&d=mm&r=g","url":"https:\/\/secure.gravatar.com\/avatar\/59b0e4716b6bc16861d789b0eb3efe04cb591482277f92a016ec4356fe735210?s=96&d=mm&r=g","height":96,"width":96}},"publisher":{"@type":"Organization","name":"modanelli.cz","logo":{"@type":"ImageObject","@id":"\/logo.png","url":"\/logo.png","width":600,"height":60}},"image":null,"wordCount":277,"keywords":null},{"@type":"Article","@id":"https:\/\/www.modanelli.cz\/nadbytecna-kila\/","headline":"Nadbyte\u010dn\u00e1 kila","url":"https:\/\/www.modanelli.cz\/nadbytecna-kila\/","datePublished":"2023-10-11","dateModified":"2023-10-11","mainEntityOfPage":"https:\/\/www.modanelli.cz\/nadbytecna-kila\/","author":{"@type":"Person","@id":"https:\/\/www.modanelli.cz\/author\/#Person","name":"","url":"https:\/\/www.modanelli.cz\/author\/","identifier":1,"image":{"@type":"ImageObject","@id":"https:\/\/secure.gravatar.com\/avatar\/59b0e4716b6bc16861d789b0eb3efe04cb591482277f92a016ec4356fe735210?s=96&d=mm&r=g","url":"https:\/\/secure.gravatar.com\/avatar\/59b0e4716b6bc16861d789b0eb3efe04cb591482277f92a016ec4356fe735210?s=96&d=mm&r=g","height":96,"width":96}},"publisher":{"@type":"Organization","name":"modanelli.cz","logo":{"@type":"ImageObject","@id":"\/logo.png","url":"\/logo.png","width":600,"height":60}},"image":{"@type":"ImageObject","@id":"https:\/\/www.modanelli.cz\/wp-content\/uploads\/eat-3236971_1280.jpg","url":"https:\/\/www.modanelli.cz\/wp-content\/uploads\/eat-3236971_1280.jpg","height":0,"width":0},"wordCount":506,"keywords":null},{"@type":"Article","@id":"https:\/\/www.modanelli.cz\/od-navrhu-po-uklid\/","headline":"Od n\u00e1vrhu po \u00faklid","url":"https:\/\/www.modanelli.cz\/od-navrhu-po-uklid\/","datePublished":"2023-09-14","dateModified":"2023-09-14","mainEntityOfPage":"https:\/\/www.modanelli.cz\/od-navrhu-po-uklid\/","author":{"@type":"Person","@id":"https:\/\/www.modanelli.cz\/author\/#Person","name":"","url":"https:\/\/www.modanelli.cz\/author\/","identifier":1,"image":{"@type":"ImageObject","@id":"https:\/\/secure.gravatar.com\/avatar\/59b0e4716b6bc16861d789b0eb3efe04cb591482277f92a016ec4356fe735210?s=96&d=mm&r=g","url":"https:\/\/secure.gravatar.com\/avatar\/59b0e4716b6bc16861d789b0eb3efe04cb591482277f92a016ec4356fe735210?s=96&d=mm&r=g","height":96,"width":96}},"publisher":{"@type":"Organization","name":"modanelli.cz","logo":{"@type":"ImageObject","@id":"\/logo.png","url":"\/logo.png","width":600,"height":60}},"image":null,"wordCount":306,"keywords":null},{"@type":"Article","@id":"https:\/\/www.modanelli.cz\/presne-namereni-pozadovane-hmotnosti\/","headline":"P\u0159esn\u00e9 nam\u011b\u0159en\u00ed po\u017eadovan\u00e9 hmotnosti","url":"https:\/\/www.modanelli.cz\/presne-namereni-pozadovane-hmotnosti\/","datePublished":"2023-08-04","dateModified":"2023-08-04","mainEntityOfPage":"https:\/\/www.modanelli.cz\/presne-namereni-pozadovane-hmotnosti\/","author":{"@type":"Person","@id":"https:\/\/www.modanelli.cz\/author\/#Person","name":"","url":"https:\/\/www.modanelli.cz\/author\/","identifier":1,"image":{"@type":"ImageObject","@id":"https:\/\/secure.gravatar.com\/avatar\/59b0e4716b6bc16861d789b0eb3efe04cb591482277f92a016ec4356fe735210?s=96&d=mm&r=g","url":"https:\/\/secure.gravatar.com\/avatar\/59b0e4716b6bc16861d789b0eb3efe04cb591482277f92a016ec4356fe735210?s=96&d=mm&r=g","height":96,"width":96}},"publisher":{"@type":"Organization","name":"modanelli.cz","logo":{"@type":"ImageObject","@id":"\/logo.png","url":"\/logo.png","width":600,"height":60}},"image":null,"wordCount":264,"keywords":null},{"@type":"Article","@id":"https:\/\/www.modanelli.cz\/koupani-behem-menstruace\/","headline":"Koup\u00e1n\u00ed b\u011bhem menstruace","url":"https:\/\/www.modanelli.cz\/koupani-behem-menstruace\/","datePublished":"2023-07-15","dateModified":"2023-07-15","mainEntityOfPage":"https:\/\/www.modanelli.cz\/koupani-behem-menstruace\/","author":{"@type":"Person","@id":"https:\/\/www.modanelli.cz\/author\/#Person","name":"","url":"https:\/\/www.modanelli.cz\/author\/","identifier":1,"image":{"@type":"ImageObject","@id":"https:\/\/secure.gravatar.com\/avatar\/59b0e4716b6bc16861d789b0eb3efe04cb591482277f92a016ec4356fe735210?s=96&d=mm&r=g","url":"https:\/\/secure.gravatar.com\/avatar\/59b0e4716b6bc16861d789b0eb3efe04cb591482277f92a016ec4356fe735210?s=96&d=mm&r=g","height":96,"width":96}},"publisher":{"@type":"Organization","name":"modanelli.cz","logo":{"@type":"ImageObject","@id":"\/logo.png","url":"\/logo.png","width":600,"height":60}},"image":{"@type":"ImageObject","@id":"https:\/\/www.modanelli.cz\/wp-content\/uploads\/pexels-cottonbro-3737816_10_10_8.jpg","url":"https:\/\/www.modanelli.cz\/wp-content\/uploads\/pexels-cottonbro-3737816_10_10_8.jpg","height":0,"width":0},"wordCount":519,"keywords":null}]},{"@context":"https:\/\/schema.org","@type":"WebSite","@id":"https:\/\/www.modanelli.cz\/#website","name":"Modanelli","url":"https:\/\/www.modanelli.cz","potentialAction":{"@type":"SearchAction","target":"https:\/\/www.modanelli.cz\/?s={search_term_string}","query-input":"required name=search_term_string"}}]