[{"@context":"https:\/\/schema.org\/","@type":"Blog","@id":"https:\/\/www.modanelli.cz#Blog","headline":"Modanelli","description":"\nI kdybyste pr\u00e1v\u011b za\u017e\u00edvali neradostn\u00e9 chv\u00edle, nemus\u00ed b\u00fdt zase a\u017e tak zle. N\u00e1\u0161 web v\u00e1m jist\u011b pom\u016f\u017ee naj\u00edt n\u011bjak\u00e9 to \u0159e\u0161en\u00ed mnoha va\u0161ich tr\u00e1pen\u00ed.","url":"https:\/\/www.modanelli.cz","hasPart":[{"@type":"Article","@id":"https:\/\/www.modanelli.cz\/prijemne-na-dotek\/","headline":"P\u0159\u00edjemn\u00e9 na dotek","url":"https:\/\/www.modanelli.cz\/prijemne-na-dotek\/","datePublished":"2023-07-02","dateModified":"2024-07-04","mainEntityOfPage":"https:\/\/www.modanelli.cz\/prijemne-na-dotek\/","author":{"@type":"Person","@id":"https:\/\/www.modanelli.cz\/author\/#Person","name":"","url":"https:\/\/www.modanelli.cz\/author\/","identifier":1,"image":{"@type":"ImageObject","@id":"https:\/\/secure.gravatar.com\/avatar\/59b0e4716b6bc16861d789b0eb3efe04cb591482277f92a016ec4356fe735210?s=96&d=mm&r=g","url":"https:\/\/secure.gravatar.com\/avatar\/59b0e4716b6bc16861d789b0eb3efe04cb591482277f92a016ec4356fe735210?s=96&d=mm&r=g","height":96,"width":96}},"publisher":{"@type":"Organization","name":"modanelli.cz","logo":{"@type":"ImageObject","@id":"\/logo.png","url":"\/logo.png","width":600,"height":60}},"image":null,"wordCount":278,"keywords":null},{"@type":"Article","@id":"https:\/\/www.modanelli.cz\/i-vcely-z-nich-maji-radost\/","headline":"I v\u010dely z nich maj\u00ed radost","url":"https:\/\/www.modanelli.cz\/i-vcely-z-nich-maji-radost\/","datePublished":"2023-06-30","dateModified":"2024-06-04","mainEntityOfPage":"https:\/\/www.modanelli.cz\/i-vcely-z-nich-maji-radost\/","author":{"@type":"Person","@id":"https:\/\/www.modanelli.cz\/author\/#Person","name":"","url":"https:\/\/www.modanelli.cz\/author\/","identifier":1,"image":{"@type":"ImageObject","@id":"https:\/\/secure.gravatar.com\/avatar\/59b0e4716b6bc16861d789b0eb3efe04cb591482277f92a016ec4356fe735210?s=96&d=mm&r=g","url":"https:\/\/secure.gravatar.com\/avatar\/59b0e4716b6bc16861d789b0eb3efe04cb591482277f92a016ec4356fe735210?s=96&d=mm&r=g","height":96,"width":96}},"publisher":{"@type":"Organization","name":"modanelli.cz","logo":{"@type":"ImageObject","@id":"\/logo.png","url":"\/logo.png","width":600,"height":60}},"image":{"@type":"ImageObject","@id":"https:\/\/www.modanelli.cz\/wp-content\/uploads\/plant-1375269_640_1.jpg","url":"https:\/\/www.modanelli.cz\/wp-content\/uploads\/plant-1375269_640_1.jpg","height":0,"width":0},"wordCount":540,"keywords":null},{"@type":"Article","@id":"https:\/\/www.modanelli.cz\/potize-pri-podnikani\/","headline":"Pot\u00ed\u017ee p\u0159i podnik\u00e1n\u00ed","url":"https:\/\/www.modanelli.cz\/potize-pri-podnikani\/","datePublished":"2023-06-04","dateModified":"2023-06-04","mainEntityOfPage":"https:\/\/www.modanelli.cz\/potize-pri-podnikani\/","author":{"@type":"Person","@id":"https:\/\/www.modanelli.cz\/author\/#Person","name":"","url":"https:\/\/www.modanelli.cz\/author\/","identifier":1,"image":{"@type":"ImageObject","@id":"https:\/\/secure.gravatar.com\/avatar\/59b0e4716b6bc16861d789b0eb3efe04cb591482277f92a016ec4356fe735210?s=96&d=mm&r=g","url":"https:\/\/secure.gravatar.com\/avatar\/59b0e4716b6bc16861d789b0eb3efe04cb591482277f92a016ec4356fe735210?s=96&d=mm&r=g","height":96,"width":96}},"publisher":{"@type":"Organization","name":"modanelli.cz","logo":{"@type":"ImageObject","@id":"\/logo.png","url":"\/logo.png","width":600,"height":60}},"image":{"@type":"ImageObject","@id":"https:\/\/www.modanelli.cz\/wp-content\/uploads\/pexels-rdne-stock-project-7821914.jpg","url":"https:\/\/www.modanelli.cz\/wp-content\/uploads\/pexels-rdne-stock-project-7821914.jpg","height":0,"width":0},"wordCount":591,"keywords":null},{"@type":"Article","@id":"https:\/\/www.modanelli.cz\/siroky-vyber-elektrokol\/","headline":"\u0160irok\u00fd v\u00fdb\u011br elektrokol","url":"https:\/\/www.modanelli.cz\/siroky-vyber-elektrokol\/","datePublished":"2023-06-01","dateModified":"2024-06-04","mainEntityOfPage":"https:\/\/www.modanelli.cz\/siroky-vyber-elektrokol\/","author":{"@type":"Person","@id":"https:\/\/www.modanelli.cz\/author\/#Person","name":"","url":"https:\/\/www.modanelli.cz\/author\/","identifier":1,"image":{"@type":"ImageObject","@id":"https:\/\/secure.gravatar.com\/avatar\/59b0e4716b6bc16861d789b0eb3efe04cb591482277f92a016ec4356fe735210?s=96&d=mm&r=g","url":"https:\/\/secure.gravatar.com\/avatar\/59b0e4716b6bc16861d789b0eb3efe04cb591482277f92a016ec4356fe735210?s=96&d=mm&r=g","height":96,"width":96}},"publisher":{"@type":"Organization","name":"modanelli.cz","logo":{"@type":"ImageObject","@id":"\/logo.png","url":"\/logo.png","width":600,"height":60}},"image":null,"wordCount":285,"keywords":null},{"@type":"Article","@id":"https:\/\/www.modanelli.cz\/uz-jezdite-jako-kralove-v-klidku-pohodicce-a-navic-v-peknem\/","headline":"U\u017e jezd\u00edte jako kr\u00e1lov\u00e9, v kl\u00eddku, pohodi\u010dce a nav\u00edc v p\u011bkn\u00e9m?","url":"https:\/\/www.modanelli.cz\/uz-jezdite-jako-kralove-v-klidku-pohodicce-a-navic-v-peknem\/","datePublished":"2023-05-30","dateModified":"2024-06-04","mainEntityOfPage":"https:\/\/www.modanelli.cz\/uz-jezdite-jako-kralove-v-klidku-pohodicce-a-navic-v-peknem\/","author":{"@type":"Person","@id":"https:\/\/www.modanelli.cz\/author\/#Person","name":"","url":"https:\/\/www.modanelli.cz\/author\/","identifier":1,"image":{"@type":"ImageObject","@id":"https:\/\/secure.gravatar.com\/avatar\/59b0e4716b6bc16861d789b0eb3efe04cb591482277f92a016ec4356fe735210?s=96&d=mm&r=g","url":"https:\/\/secure.gravatar.com\/avatar\/59b0e4716b6bc16861d789b0eb3efe04cb591482277f92a016ec4356fe735210?s=96&d=mm&r=g","height":96,"width":96}},"publisher":{"@type":"Organization","name":"modanelli.cz","logo":{"@type":"ImageObject","@id":"\/logo.png","url":"\/logo.png","width":600,"height":60}},"image":null,"wordCount":273,"keywords":null},{"@type":"Article","@id":"https:\/\/www.modanelli.cz\/stavime-na-vzajemne-duvere\/","headline":"Stav\u00edme na vz\u00e1jemn\u00e9 d\u016fv\u011b\u0159e","url":"https:\/\/www.modanelli.cz\/stavime-na-vzajemne-duvere\/","datePublished":"2023-05-27","dateModified":"2024-06-04","mainEntityOfPage":"https:\/\/www.modanelli.cz\/stavime-na-vzajemne-duvere\/","author":{"@type":"Person","@id":"https:\/\/www.modanelli.cz\/author\/#Person","name":"","url":"https:\/\/www.modanelli.cz\/author\/","identifier":1,"image":{"@type":"ImageObject","@id":"https:\/\/secure.gravatar.com\/avatar\/59b0e4716b6bc16861d789b0eb3efe04cb591482277f92a016ec4356fe735210?s=96&d=mm&r=g","url":"https:\/\/secure.gravatar.com\/avatar\/59b0e4716b6bc16861d789b0eb3efe04cb591482277f92a016ec4356fe735210?s=96&d=mm&r=g","height":96,"width":96}},"publisher":{"@type":"Organization","name":"modanelli.cz","logo":{"@type":"ImageObject","@id":"\/logo.png","url":"\/logo.png","width":600,"height":60}},"image":null,"wordCount":299,"keywords":null},{"@type":"Article","@id":"https:\/\/www.modanelli.cz\/zkuseni-odbornici-na-bytove-usporadani-sverte-se-do-jejich-pece\/","headline":"Zku\u0161en\u00ed odborn\u00edci na bytov\u00e9 uspo\u0159\u00e1d\u00e1n\u00ed, sv\u011b\u0159te se do jejich p\u00e9\u010de","url":"https:\/\/www.modanelli.cz\/zkuseni-odbornici-na-bytove-usporadani-sverte-se-do-jejich-pece\/","datePublished":"2023-05-26","dateModified":"2024-06-04","mainEntityOfPage":"https:\/\/www.modanelli.cz\/zkuseni-odbornici-na-bytove-usporadani-sverte-se-do-jejich-pece\/","author":{"@type":"Person","@id":"https:\/\/www.modanelli.cz\/author\/#Person","name":"","url":"https:\/\/www.modanelli.cz\/author\/","identifier":1,"image":{"@type":"ImageObject","@id":"https:\/\/secure.gravatar.com\/avatar\/59b0e4716b6bc16861d789b0eb3efe04cb591482277f92a016ec4356fe735210?s=96&d=mm&r=g","url":"https:\/\/secure.gravatar.com\/avatar\/59b0e4716b6bc16861d789b0eb3efe04cb591482277f92a016ec4356fe735210?s=96&d=mm&r=g","height":96,"width":96}},"publisher":{"@type":"Organization","name":"modanelli.cz","logo":{"@type":"ImageObject","@id":"\/logo.png","url":"\/logo.png","width":600,"height":60}},"image":null,"wordCount":255,"keywords":null},{"@type":"Article","@id":"https:\/\/www.modanelli.cz\/proc-si-neuzit-vice\/","headline":"Pro\u010d si neu\u017e\u00edt v\u00edce?","url":"https:\/\/www.modanelli.cz\/proc-si-neuzit-vice\/","datePublished":"2023-05-24","dateModified":"2024-05-25","mainEntityOfPage":"https:\/\/www.modanelli.cz\/proc-si-neuzit-vice\/","author":{"@type":"Person","@id":"https:\/\/www.modanelli.cz\/author\/#Person","name":"","url":"https:\/\/www.modanelli.cz\/author\/","identifier":1,"image":{"@type":"ImageObject","@id":"https:\/\/secure.gravatar.com\/avatar\/59b0e4716b6bc16861d789b0eb3efe04cb591482277f92a016ec4356fe735210?s=96&d=mm&r=g","url":"https:\/\/secure.gravatar.com\/avatar\/59b0e4716b6bc16861d789b0eb3efe04cb591482277f92a016ec4356fe735210?s=96&d=mm&r=g","height":96,"width":96}},"publisher":{"@type":"Organization","name":"modanelli.cz","logo":{"@type":"ImageObject","@id":"\/logo.png","url":"\/logo.png","width":600,"height":60}},"image":null,"wordCount":288,"keywords":null},{"@type":"Article","@id":"https:\/\/www.modanelli.cz\/splnene-sny\/","headline":"Spln\u011bn\u00e9 sny","url":"https:\/\/www.modanelli.cz\/splnene-sny\/","datePublished":"2023-05-23","dateModified":"2024-05-24","mainEntityOfPage":"https:\/\/www.modanelli.cz\/splnene-sny\/","author":{"@type":"Person","@id":"https:\/\/www.modanelli.cz\/author\/#Person","name":"","url":"https:\/\/www.modanelli.cz\/author\/","identifier":1,"image":{"@type":"ImageObject","@id":"https:\/\/secure.gravatar.com\/avatar\/59b0e4716b6bc16861d789b0eb3efe04cb591482277f92a016ec4356fe735210?s=96&d=mm&r=g","url":"https:\/\/secure.gravatar.com\/avatar\/59b0e4716b6bc16861d789b0eb3efe04cb591482277f92a016ec4356fe735210?s=96&d=mm&r=g","height":96,"width":96}},"publisher":{"@type":"Organization","name":"modanelli.cz","logo":{"@type":"ImageObject","@id":"\/logo.png","url":"\/logo.png","width":600,"height":60}},"image":null,"wordCount":283,"keywords":null},{"@type":"Article","@id":"https:\/\/www.modanelli.cz\/objednejte-vasim-detem-krasny-zazitek-na-oslavu-narozenin\/","headline":"Objednejte Va\u0161im d\u011btem kr\u00e1sn\u00fd z\u00e1\u017eitek na oslavu narozenin","url":"https:\/\/www.modanelli.cz\/objednejte-vasim-detem-krasny-zazitek-na-oslavu-narozenin\/","datePublished":"2023-05-23","dateModified":"2024-05-27","mainEntityOfPage":"https:\/\/www.modanelli.cz\/objednejte-vasim-detem-krasny-zazitek-na-oslavu-narozenin\/","author":{"@type":"Person","@id":"https:\/\/www.modanelli.cz\/author\/#Person","name":"","url":"https:\/\/www.modanelli.cz\/author\/","identifier":1,"image":{"@type":"ImageObject","@id":"https:\/\/secure.gravatar.com\/avatar\/59b0e4716b6bc16861d789b0eb3efe04cb591482277f92a016ec4356fe735210?s=96&d=mm&r=g","url":"https:\/\/secure.gravatar.com\/avatar\/59b0e4716b6bc16861d789b0eb3efe04cb591482277f92a016ec4356fe735210?s=96&d=mm&r=g","height":96,"width":96}},"publisher":{"@type":"Organization","name":"modanelli.cz","logo":{"@type":"ImageObject","@id":"\/logo.png","url":"\/logo.png","width":600,"height":60}},"image":null,"wordCount":272,"keywords":null}]},{"@context":"https:\/\/schema.org","@type":"WebSite","@id":"https:\/\/www.modanelli.cz\/#website","name":"Modanelli","url":"https:\/\/www.modanelli.cz","potentialAction":{"@type":"SearchAction","target":"https:\/\/www.modanelli.cz\/?s={search_term_string}","query-input":"required name=search_term_string"}}]