[{"@context":"https:\/\/schema.org\/","@type":"Blog","@id":"https:\/\/www.modanelli.cz#Blog","headline":"Modanelli","description":"\nI kdybyste pr\u00e1v\u011b za\u017e\u00edvali neradostn\u00e9 chv\u00edle, nemus\u00ed b\u00fdt zase a\u017e tak zle. N\u00e1\u0161 web v\u00e1m jist\u011b pom\u016f\u017ee naj\u00edt n\u011bjak\u00e9 to \u0159e\u0161en\u00ed mnoha va\u0161ich tr\u00e1pen\u00ed.","url":"https:\/\/www.modanelli.cz","hasPart":[{"@type":"Article","@id":"https:\/\/www.modanelli.cz\/predpoklady-ktere-se-daji-splnit\/","headline":"P\u0159edpoklady, kter\u00e9 se daj\u00ed splnit","url":"https:\/\/www.modanelli.cz\/predpoklady-ktere-se-daji-splnit\/","datePublished":"2023-05-20","dateModified":"2024-05-22","mainEntityOfPage":"https:\/\/www.modanelli.cz\/predpoklady-ktere-se-daji-splnit\/","author":{"@type":"Person","@id":"https:\/\/www.modanelli.cz\/author\/#Person","name":"","url":"https:\/\/www.modanelli.cz\/author\/","identifier":1,"image":{"@type":"ImageObject","@id":"https:\/\/secure.gravatar.com\/avatar\/59b0e4716b6bc16861d789b0eb3efe04cb591482277f92a016ec4356fe735210?s=96&d=mm&r=g","url":"https:\/\/secure.gravatar.com\/avatar\/59b0e4716b6bc16861d789b0eb3efe04cb591482277f92a016ec4356fe735210?s=96&d=mm&r=g","height":96,"width":96}},"publisher":{"@type":"Organization","name":"modanelli.cz","logo":{"@type":"ImageObject","@id":"\/logo.png","url":"\/logo.png","width":600,"height":60}},"image":null,"wordCount":286,"keywords":null},{"@type":"Article","@id":"https:\/\/www.modanelli.cz\/zdravejsi-zivotni-styl-vas-nemusi-stat-majlant\/","headline":"Zdrav\u011bj\u0161\u00ed \u017eivotn\u00ed styl V\u00e1s nemus\u00ed st\u00e1t majlant!","url":"https:\/\/www.modanelli.cz\/zdravejsi-zivotni-styl-vas-nemusi-stat-majlant\/","datePublished":"2023-05-13","dateModified":"2023-05-13","mainEntityOfPage":"https:\/\/www.modanelli.cz\/zdravejsi-zivotni-styl-vas-nemusi-stat-majlant\/","author":{"@type":"Person","@id":"https:\/\/www.modanelli.cz\/author\/#Person","name":"","url":"https:\/\/www.modanelli.cz\/author\/","identifier":1,"image":{"@type":"ImageObject","@id":"https:\/\/secure.gravatar.com\/avatar\/59b0e4716b6bc16861d789b0eb3efe04cb591482277f92a016ec4356fe735210?s=96&d=mm&r=g","url":"https:\/\/secure.gravatar.com\/avatar\/59b0e4716b6bc16861d789b0eb3efe04cb591482277f92a016ec4356fe735210?s=96&d=mm&r=g","height":96,"width":96}},"publisher":{"@type":"Organization","name":"modanelli.cz","logo":{"@type":"ImageObject","@id":"\/logo.png","url":"\/logo.png","width":600,"height":60}},"image":{"@type":"ImageObject","@id":"https:\/\/www.modanelli.cz\/wp-content\/uploads\/pexels-miguel-%C3%A1-padri%C3%B1%C3%A1n-806427_2.jpg","url":"https:\/\/www.modanelli.cz\/wp-content\/uploads\/pexels-miguel-%C3%A1-padri%C3%B1%C3%A1n-806427_2.jpg","height":0,"width":0},"wordCount":562,"keywords":null},{"@type":"Article","@id":"https:\/\/www.modanelli.cz\/nemusite-byt-modelka-abyste-vypadala-neodolatelne\/","headline":"Nemus\u00edte b\u00fdt modelka, abyste vypadala neodolateln\u011b","url":"https:\/\/www.modanelli.cz\/nemusite-byt-modelka-abyste-vypadala-neodolatelne\/","datePublished":"2022-11-12","dateModified":"2022-11-12","mainEntityOfPage":"https:\/\/www.modanelli.cz\/nemusite-byt-modelka-abyste-vypadala-neodolatelne\/","author":{"@type":"Person","@id":"https:\/\/www.modanelli.cz\/author\/#Person","name":"","url":"https:\/\/www.modanelli.cz\/author\/","identifier":1,"image":{"@type":"ImageObject","@id":"https:\/\/secure.gravatar.com\/avatar\/59b0e4716b6bc16861d789b0eb3efe04cb591482277f92a016ec4356fe735210?s=96&d=mm&r=g","url":"https:\/\/secure.gravatar.com\/avatar\/59b0e4716b6bc16861d789b0eb3efe04cb591482277f92a016ec4356fe735210?s=96&d=mm&r=g","height":96,"width":96}},"publisher":{"@type":"Organization","name":"modanelli.cz","logo":{"@type":"ImageObject","@id":"\/logo.png","url":"\/logo.png","width":600,"height":60}},"image":{"@type":"ImageObject","@id":"https:\/\/www.modanelli.cz\/wp-content\/uploads\/nev%C4%9Bsta_2.jpeg","url":"https:\/\/www.modanelli.cz\/wp-content\/uploads\/nev%C4%9Bsta_2.jpeg","height":0,"width":0},"wordCount":538,"keywords":null},{"@type":"Article","@id":"https:\/\/www.modanelli.cz\/proc-je-dulezite-splodit-potomka\/","headline":"Pro\u010d je d\u016fle\u017eit\u00e9 splodit potomka?","url":"https:\/\/www.modanelli.cz\/proc-je-dulezite-splodit-potomka\/","datePublished":"2022-08-19","dateModified":"2022-08-19","mainEntityOfPage":"https:\/\/www.modanelli.cz\/proc-je-dulezite-splodit-potomka\/","author":{"@type":"Person","@id":"https:\/\/www.modanelli.cz\/author\/#Person","name":"","url":"https:\/\/www.modanelli.cz\/author\/","identifier":1,"image":{"@type":"ImageObject","@id":"https:\/\/secure.gravatar.com\/avatar\/59b0e4716b6bc16861d789b0eb3efe04cb591482277f92a016ec4356fe735210?s=96&d=mm&r=g","url":"https:\/\/secure.gravatar.com\/avatar\/59b0e4716b6bc16861d789b0eb3efe04cb591482277f92a016ec4356fe735210?s=96&d=mm&r=g","height":96,"width":96}},"publisher":{"@type":"Organization","name":"modanelli.cz","logo":{"@type":"ImageObject","@id":"\/logo.png","url":"\/logo.png","width":600,"height":60}},"image":{"@type":"ImageObject","@id":"https:\/\/www.modanelli.cz\/wp-content\/uploads\/stroller-g0aa222611_640.jpg","url":"https:\/\/www.modanelli.cz\/wp-content\/uploads\/stroller-g0aa222611_640.jpg","height":0,"width":0},"wordCount":576,"keywords":null},{"@type":"Article","@id":"https:\/\/www.modanelli.cz\/veci-ktere-je-nutne-mit-pro-kocku\/","headline":"V\u011bci, kter\u00e9 je nutn\u00e9 m\u00edt pro ko\u010dku","url":"https:\/\/www.modanelli.cz\/veci-ktere-je-nutne-mit-pro-kocku\/","datePublished":"2022-08-16","dateModified":"2022-08-16","mainEntityOfPage":"https:\/\/www.modanelli.cz\/veci-ktere-je-nutne-mit-pro-kocku\/","author":{"@type":"Person","@id":"https:\/\/www.modanelli.cz\/author\/#Person","name":"","url":"https:\/\/www.modanelli.cz\/author\/","identifier":1,"image":{"@type":"ImageObject","@id":"https:\/\/secure.gravatar.com\/avatar\/59b0e4716b6bc16861d789b0eb3efe04cb591482277f92a016ec4356fe735210?s=96&d=mm&r=g","url":"https:\/\/secure.gravatar.com\/avatar\/59b0e4716b6bc16861d789b0eb3efe04cb591482277f92a016ec4356fe735210?s=96&d=mm&r=g","height":96,"width":96}},"publisher":{"@type":"Organization","name":"modanelli.cz","logo":{"@type":"ImageObject","@id":"\/logo.png","url":"\/logo.png","width":600,"height":60}},"image":{"@type":"ImageObject","@id":"https:\/\/www.modanelli.cz\/wp-content\/uploads\/cat-551554_960_720_2.jpg","url":"https:\/\/www.modanelli.cz\/wp-content\/uploads\/cat-551554_960_720_2.jpg","height":0,"width":0},"wordCount":905,"keywords":null},{"@type":"Article","@id":"https:\/\/www.modanelli.cz\/bedny-takove-i-makove\/","headline":"Bedny takov\u00e9 i makov\u00e9","url":"https:\/\/www.modanelli.cz\/bedny-takove-i-makove\/","datePublished":"2022-07-12","dateModified":"2022-07-12","mainEntityOfPage":"https:\/\/www.modanelli.cz\/bedny-takove-i-makove\/","author":{"@type":"Person","@id":"https:\/\/www.modanelli.cz\/author\/#Person","name":"","url":"https:\/\/www.modanelli.cz\/author\/","identifier":1,"image":{"@type":"ImageObject","@id":"https:\/\/secure.gravatar.com\/avatar\/59b0e4716b6bc16861d789b0eb3efe04cb591482277f92a016ec4356fe735210?s=96&d=mm&r=g","url":"https:\/\/secure.gravatar.com\/avatar\/59b0e4716b6bc16861d789b0eb3efe04cb591482277f92a016ec4356fe735210?s=96&d=mm&r=g","height":96,"width":96}},"publisher":{"@type":"Organization","name":"modanelli.cz","logo":{"@type":"ImageObject","@id":"\/logo.png","url":"\/logo.png","width":600,"height":60}},"image":{"@type":"ImageObject","@id":"https:\/\/www.modanelli.cz\/wp-content\/uploads\/wooden-box-ge108e2490_640.png","url":"https:\/\/www.modanelli.cz\/wp-content\/uploads\/wooden-box-ge108e2490_640.png","height":0,"width":0},"wordCount":567,"keywords":null},{"@type":"Article","@id":"https:\/\/www.modanelli.cz\/video-v-nasem-vlastnictvi\/","headline":"Video v na\u0161em vlastnictv\u00ed","url":"https:\/\/www.modanelli.cz\/video-v-nasem-vlastnictvi\/","datePublished":"2022-05-14","dateModified":"2022-05-14","mainEntityOfPage":"https:\/\/www.modanelli.cz\/video-v-nasem-vlastnictvi\/","author":{"@type":"Person","@id":"https:\/\/www.modanelli.cz\/author\/#Person","name":"","url":"https:\/\/www.modanelli.cz\/author\/","identifier":1,"image":{"@type":"ImageObject","@id":"https:\/\/secure.gravatar.com\/avatar\/59b0e4716b6bc16861d789b0eb3efe04cb591482277f92a016ec4356fe735210?s=96&d=mm&r=g","url":"https:\/\/secure.gravatar.com\/avatar\/59b0e4716b6bc16861d789b0eb3efe04cb591482277f92a016ec4356fe735210?s=96&d=mm&r=g","height":96,"width":96}},"publisher":{"@type":"Organization","name":"modanelli.cz","logo":{"@type":"ImageObject","@id":"\/logo.png","url":"\/logo.png","width":600,"height":60}},"image":{"@type":"ImageObject","@id":"https:\/\/www.modanelli.cz\/wp-content\/uploads\/camera_video_sony_video_1.jpg","url":"https:\/\/www.modanelli.cz\/wp-content\/uploads\/camera_video_sony_video_1.jpg","height":0,"width":0},"wordCount":538,"keywords":null},{"@type":"Article","@id":"https:\/\/www.modanelli.cz\/kotel-do-nemovitosti\/","headline":"Kotel do nemovitosti","url":"https:\/\/www.modanelli.cz\/kotel-do-nemovitosti\/","datePublished":"2022-05-07","dateModified":"2022-05-07","mainEntityOfPage":"https:\/\/www.modanelli.cz\/kotel-do-nemovitosti\/","author":{"@type":"Person","@id":"https:\/\/www.modanelli.cz\/author\/#Person","name":"","url":"https:\/\/www.modanelli.cz\/author\/","identifier":1,"image":{"@type":"ImageObject","@id":"https:\/\/secure.gravatar.com\/avatar\/59b0e4716b6bc16861d789b0eb3efe04cb591482277f92a016ec4356fe735210?s=96&d=mm&r=g","url":"https:\/\/secure.gravatar.com\/avatar\/59b0e4716b6bc16861d789b0eb3efe04cb591482277f92a016ec4356fe735210?s=96&d=mm&r=g","height":96,"width":96}},"publisher":{"@type":"Organization","name":"modanelli.cz","logo":{"@type":"ImageObject","@id":"\/logo.png","url":"\/logo.png","width":600,"height":60}},"image":{"@type":"ImageObject","@id":"https:\/\/www.modanelli.cz\/wp-content\/uploads\/campfire-1853835_960_720.jpg","url":"https:\/\/www.modanelli.cz\/wp-content\/uploads\/campfire-1853835_960_720.jpg","height":0,"width":0},"wordCount":531,"keywords":null},{"@type":"Article","@id":"https:\/\/www.modanelli.cz\/lide-a-hrani-her\/","headline":"Lid\u00e9 a hran\u00ed her","url":"https:\/\/www.modanelli.cz\/lide-a-hrani-her\/","datePublished":"2022-02-25","dateModified":"2022-02-25","mainEntityOfPage":"https:\/\/www.modanelli.cz\/lide-a-hrani-her\/","author":{"@type":"Person","@id":"https:\/\/www.modanelli.cz\/author\/#Person","name":"","url":"https:\/\/www.modanelli.cz\/author\/","identifier":1,"image":{"@type":"ImageObject","@id":"https:\/\/secure.gravatar.com\/avatar\/59b0e4716b6bc16861d789b0eb3efe04cb591482277f92a016ec4356fe735210?s=96&d=mm&r=g","url":"https:\/\/secure.gravatar.com\/avatar\/59b0e4716b6bc16861d789b0eb3efe04cb591482277f92a016ec4356fe735210?s=96&d=mm&r=g","height":96,"width":96}},"publisher":{"@type":"Organization","name":"modanelli.cz","logo":{"@type":"ImageObject","@id":"\/logo.png","url":"\/logo.png","width":600,"height":60}},"image":{"@type":"ImageObject","@id":"https:\/\/www.modanelli.cz\/wp-content\/uploads\/hra%20na%20PS_1.JPG","url":"https:\/\/www.modanelli.cz\/wp-content\/uploads\/hra%20na%20PS_1.JPG","height":0,"width":0},"wordCount":616,"keywords":null},{"@type":"Article","@id":"https:\/\/www.modanelli.cz\/jak-se-bere-pujcka\/","headline":"Jak se bere p\u016fj\u010dka?","url":"https:\/\/www.modanelli.cz\/jak-se-bere-pujcka\/","datePublished":"2022-01-28","dateModified":"2022-01-28","mainEntityOfPage":"https:\/\/www.modanelli.cz\/jak-se-bere-pujcka\/","author":{"@type":"Person","@id":"https:\/\/www.modanelli.cz\/author\/#Person","name":"","url":"https:\/\/www.modanelli.cz\/author\/","identifier":1,"image":{"@type":"ImageObject","@id":"https:\/\/secure.gravatar.com\/avatar\/59b0e4716b6bc16861d789b0eb3efe04cb591482277f92a016ec4356fe735210?s=96&d=mm&r=g","url":"https:\/\/secure.gravatar.com\/avatar\/59b0e4716b6bc16861d789b0eb3efe04cb591482277f92a016ec4356fe735210?s=96&d=mm&r=g","height":96,"width":96}},"publisher":{"@type":"Organization","name":"modanelli.cz","logo":{"@type":"ImageObject","@id":"\/logo.png","url":"\/logo.png","width":600,"height":60}},"image":{"@type":"ImageObject","@id":"https:\/\/www.modanelli.cz\/wp-content\/uploads\/pytel%20pen%C4%9Bz_2.png","url":"https:\/\/www.modanelli.cz\/wp-content\/uploads\/pytel%20pen%C4%9Bz_2.png","height":0,"width":0},"wordCount":597,"keywords":null}]},{"@context":"https:\/\/schema.org","@type":"WebSite","@id":"https:\/\/www.modanelli.cz\/#website","name":"Modanelli","url":"https:\/\/www.modanelli.cz","potentialAction":{"@type":"SearchAction","target":"https:\/\/www.modanelli.cz\/?s={search_term_string}","query-input":"required name=search_term_string"}}]