[{"@context":"https:\/\/schema.org\/","@type":"Blog","@id":"https:\/\/www.modanelli.cz#Blog","headline":"Modanelli","description":"\nI kdybyste pr\u00e1v\u011b za\u017e\u00edvali neradostn\u00e9 chv\u00edle, nemus\u00ed b\u00fdt zase a\u017e tak zle. N\u00e1\u0161 web v\u00e1m jist\u011b pom\u016f\u017ee naj\u00edt n\u011bjak\u00e9 to \u0159e\u0161en\u00ed mnoha va\u0161ich tr\u00e1pen\u00ed.","url":"https:\/\/www.modanelli.cz","hasPart":[{"@type":"Article","@id":"https:\/\/www.modanelli.cz\/nezdanene-benefity\/","headline":"Nezdan\u011bn\u00e9 benefity","url":"https:\/\/www.modanelli.cz\/nezdanene-benefity\/","datePublished":"2020-02-21","dateModified":"2020-02-21","mainEntityOfPage":"https:\/\/www.modanelli.cz\/nezdanene-benefity\/","author":{"@type":"Person","@id":"https:\/\/www.modanelli.cz\/author\/#Person","name":"","url":"https:\/\/www.modanelli.cz\/author\/","identifier":1,"image":{"@type":"ImageObject","@id":"https:\/\/secure.gravatar.com\/avatar\/59b0e4716b6bc16861d789b0eb3efe04cb591482277f92a016ec4356fe735210?s=96&d=mm&r=g","url":"https:\/\/secure.gravatar.com\/avatar\/59b0e4716b6bc16861d789b0eb3efe04cb591482277f92a016ec4356fe735210?s=96&d=mm&r=g","height":96,"width":96}},"publisher":{"@type":"Organization","name":"modanelli.cz","logo":{"@type":"ImageObject","@id":"\/logo.png","url":"\/logo.png","width":600,"height":60}},"image":{"@type":"ImageObject","@id":"https:\/\/www.modanelli.cz\/wp-content\/uploads\/img_a370563_w4282_t1582191740.jpg","url":"https:\/\/www.modanelli.cz\/wp-content\/uploads\/img_a370563_w4282_t1582191740.jpg","height":0,"width":0},"wordCount":647,"keywords":null},{"@type":"Article","@id":"https:\/\/www.modanelli.cz\/premyslite-co-byste-si-dali-dobreho\/","headline":"P\u0159em\u00fd\u0161l\u00edte, co byste si dali dobr\u00e9ho?","url":"https:\/\/www.modanelli.cz\/premyslite-co-byste-si-dali-dobreho\/","datePublished":"2020-01-23","dateModified":"2020-01-23","mainEntityOfPage":"https:\/\/www.modanelli.cz\/premyslite-co-byste-si-dali-dobreho\/","author":{"@type":"Person","@id":"https:\/\/www.modanelli.cz\/author\/#Person","name":"","url":"https:\/\/www.modanelli.cz\/author\/","identifier":1,"image":{"@type":"ImageObject","@id":"https:\/\/secure.gravatar.com\/avatar\/59b0e4716b6bc16861d789b0eb3efe04cb591482277f92a016ec4356fe735210?s=96&d=mm&r=g","url":"https:\/\/secure.gravatar.com\/avatar\/59b0e4716b6bc16861d789b0eb3efe04cb591482277f92a016ec4356fe735210?s=96&d=mm&r=g","height":96,"width":96}},"publisher":{"@type":"Organization","name":"modanelli.cz","logo":{"@type":"ImageObject","@id":"\/logo.png","url":"\/logo.png","width":600,"height":60}},"image":{"@type":"ImageObject","@id":"https:\/\/www.modanelli.cz\/wp-content\/uploads\/img_a379180_w4177_t1590578057.jpg","url":"https:\/\/www.modanelli.cz\/wp-content\/uploads\/img_a379180_w4177_t1590578057.jpg","height":0,"width":0},"wordCount":534,"keywords":null},{"@type":"Article","@id":"https:\/\/www.modanelli.cz\/nezapomenutelna-legenda-predrag-mijatovic\/","headline":"Nezapomenuteln\u00e1 legenda &#8211; Predrag Mijatovic","url":"https:\/\/www.modanelli.cz\/nezapomenutelna-legenda-predrag-mijatovic\/","datePublished":"2020-01-22","dateModified":"2020-01-22","mainEntityOfPage":"https:\/\/www.modanelli.cz\/nezapomenutelna-legenda-predrag-mijatovic\/","author":{"@type":"Person","@id":"https:\/\/www.modanelli.cz\/author\/#Person","name":"","url":"https:\/\/www.modanelli.cz\/author\/","identifier":1,"image":{"@type":"ImageObject","@id":"https:\/\/secure.gravatar.com\/avatar\/59b0e4716b6bc16861d789b0eb3efe04cb591482277f92a016ec4356fe735210?s=96&d=mm&r=g","url":"https:\/\/secure.gravatar.com\/avatar\/59b0e4716b6bc16861d789b0eb3efe04cb591482277f92a016ec4356fe735210?s=96&d=mm&r=g","height":96,"width":96}},"publisher":{"@type":"Organization","name":"modanelli.cz","logo":{"@type":"ImageObject","@id":"\/logo.png","url":"\/logo.png","width":600,"height":60}},"image":{"@type":"ImageObject","@id":"https:\/\/www.modanelli.cz\/wp-content\/uploads\/img_a354049_w3260_t1568540567.jpg","url":"https:\/\/www.modanelli.cz\/wp-content\/uploads\/img_a354049_w3260_t1568540567.jpg","height":0,"width":0},"wordCount":612,"keywords":null},{"@type":"Article","@id":"https:\/\/www.modanelli.cz\/krasna-i-po-porodu\/","headline":"Kr\u00e1sn\u00e1 i po porodu","url":"https:\/\/www.modanelli.cz\/krasna-i-po-porodu\/","datePublished":"2019-12-12","dateModified":"2019-12-12","mainEntityOfPage":"https:\/\/www.modanelli.cz\/krasna-i-po-porodu\/","author":{"@type":"Person","@id":"https:\/\/www.modanelli.cz\/author\/#Person","name":"","url":"https:\/\/www.modanelli.cz\/author\/","identifier":1,"image":{"@type":"ImageObject","@id":"https:\/\/secure.gravatar.com\/avatar\/59b0e4716b6bc16861d789b0eb3efe04cb591482277f92a016ec4356fe735210?s=96&d=mm&r=g","url":"https:\/\/secure.gravatar.com\/avatar\/59b0e4716b6bc16861d789b0eb3efe04cb591482277f92a016ec4356fe735210?s=96&d=mm&r=g","height":96,"width":96}},"publisher":{"@type":"Organization","name":"modanelli.cz","logo":{"@type":"ImageObject","@id":"\/logo.png","url":"\/logo.png","width":600,"height":60}},"image":{"@type":"ImageObject","@id":"https:\/\/www.modanelli.cz\/wp-content\/uploads\/img_a362858_w4246_t1575807247.jpg","url":"https:\/\/www.modanelli.cz\/wp-content\/uploads\/img_a362858_w4246_t1575807247.jpg","height":0,"width":0},"wordCount":4497,"keywords":null},{"@type":"Article","@id":"https:\/\/www.modanelli.cz\/vyssi-navstevnost-i-po-jednoduchych-upravach\/","headline":"Vy\u0161\u0161\u00ed n\u00e1v\u0161t\u011bvnost i po jednoduch\u00fdch \u00faprav\u00e1ch","url":"https:\/\/www.modanelli.cz\/vyssi-navstevnost-i-po-jednoduchych-upravach\/","datePublished":"2018-07-07","dateModified":"2018-07-07","mainEntityOfPage":"https:\/\/www.modanelli.cz\/vyssi-navstevnost-i-po-jednoduchych-upravach\/","author":{"@type":"Person","@id":"https:\/\/www.modanelli.cz\/author\/#Person","name":"","url":"https:\/\/www.modanelli.cz\/author\/","identifier":1,"image":{"@type":"ImageObject","@id":"https:\/\/secure.gravatar.com\/avatar\/59b0e4716b6bc16861d789b0eb3efe04cb591482277f92a016ec4356fe735210?s=96&d=mm&r=g","url":"https:\/\/secure.gravatar.com\/avatar\/59b0e4716b6bc16861d789b0eb3efe04cb591482277f92a016ec4356fe735210?s=96&d=mm&r=g","height":96,"width":96}},"publisher":{"@type":"Organization","name":"modanelli.cz","logo":{"@type":"ImageObject","@id":"\/logo.png","url":"\/logo.png","width":600,"height":60}},"image":{"@type":"ImageObject","@id":"https:\/\/www.modanelli.cz\/wp-content\/uploads\/img_a321929_w2398_t1533375803.jpg","url":"https:\/\/www.modanelli.cz\/wp-content\/uploads\/img_a321929_w2398_t1533375803.jpg","height":0,"width":0},"wordCount":510,"keywords":null},{"@type":"Article","@id":"https:\/\/www.modanelli.cz\/nakupujeme-bezecke-boty\/","headline":"Nakupujeme b\u011b\u017eeck\u00e9 boty","url":"https:\/\/www.modanelli.cz\/nakupujeme-bezecke-boty\/","datePublished":"2018-06-19","dateModified":"2018-06-19","mainEntityOfPage":"https:\/\/www.modanelli.cz\/nakupujeme-bezecke-boty\/","author":{"@type":"Person","@id":"https:\/\/www.modanelli.cz\/author\/#Person","name":"","url":"https:\/\/www.modanelli.cz\/author\/","identifier":1,"image":{"@type":"ImageObject","@id":"https:\/\/secure.gravatar.com\/avatar\/59b0e4716b6bc16861d789b0eb3efe04cb591482277f92a016ec4356fe735210?s=96&d=mm&r=g","url":"https:\/\/secure.gravatar.com\/avatar\/59b0e4716b6bc16861d789b0eb3efe04cb591482277f92a016ec4356fe735210?s=96&d=mm&r=g","height":96,"width":96}},"publisher":{"@type":"Organization","name":"modanelli.cz","logo":{"@type":"ImageObject","@id":"\/logo.png","url":"\/logo.png","width":600,"height":60}},"image":{"@type":"ImageObject","@id":"https:\/\/www.modanelli.cz\/wp-content\/uploads\/img_a321478_w2206_t1532722037.jpg","url":"https:\/\/www.modanelli.cz\/wp-content\/uploads\/img_a321478_w2206_t1532722037.jpg","height":0,"width":0},"wordCount":596,"keywords":null}]},{"@context":"https:\/\/schema.org","@type":"WebSite","@id":"https:\/\/www.modanelli.cz\/#website","name":"Modanelli","url":"https:\/\/www.modanelli.cz","potentialAction":{"@type":"SearchAction","target":"https:\/\/www.modanelli.cz\/?s={search_term_string}","query-input":"required name=search_term_string"}}]