[{"@context":"https:\/\/schema.org\/","@type":"Article","@id":"https:\/\/www.modanelli.cz\/pohled-do-zrcadla\/#Article","mainEntityOfPage":"https:\/\/www.modanelli.cz\/pohled-do-zrcadla\/","headline":"Pohled do zrcadla","name":"Pohled do zrcadla","description":"Pohled do zrcadla, kter\u00fd m\u011b tr\u00e1p\u00ed. Ka\u017ed\u00fd den r\u00e1no vst\u00e1v\u00e1m, ani\u017e bych v\u011bd\u011bla, jak\u00fd bude m\u016fj pohled do zrcadla. Zdali se dob\u011b budu l\u00edbit nebo si op\u011bt n\u011bco vy\u010d\u00edtat a \u0159\u00edkat si, jak jsem odporn\u00e1.\u00a0Ano, je to tak. V\u011b\u0159te, \u017ee nejsem jedin\u00e1, kter\u00e1 to tak m\u00e1. Zn\u00e1m v\u00edcero lidi, co m\u00e1 probl\u00e9m, aby milovali sami [&hellip;]","datePublished":"2023-12-29","dateModified":"2023-12-29","author":{"@type":"Person","@id":"https:\/\/www.modanelli.cz\/author\/#Person","name":"","url":"https:\/\/www.modanelli.cz\/author\/","identifier":1,"image":{"@type":"ImageObject","@id":"https:\/\/secure.gravatar.com\/avatar\/59b0e4716b6bc16861d789b0eb3efe04cb591482277f92a016ec4356fe735210?s=96&d=mm&r=g","url":"https:\/\/secure.gravatar.com\/avatar\/59b0e4716b6bc16861d789b0eb3efe04cb591482277f92a016ec4356fe735210?s=96&d=mm&r=g","height":96,"width":96}},"publisher":{"@type":"Organization","name":"modanelli.cz","logo":{"@type":"ImageObject","@id":"\/logo.png","url":"\/logo.png","width":600,"height":60}},"image":{"@type":"ImageObject","@id":"https:\/\/www.modanelli.cz\/wp-content\/uploads\/kr%C3%A1sa_2.jpg","url":"https:\/\/www.modanelli.cz\/wp-content\/uploads\/kr%C3%A1sa_2.jpg","height":0,"width":0},"url":"https:\/\/www.modanelli.cz\/pohled-do-zrcadla\/","about":["Kr\u00e1sa"],"wordCount":450,"articleBody":"Pohled do zrcadla, kter\u00fd m\u011b tr\u00e1p\u00ed. Ka\u017ed\u00fd den r\u00e1no vst\u00e1v\u00e1m, ani\u017e bych v\u011bd\u011bla, jak\u00fd bude m\u016fj pohled do zrcadla. Zdali se dob\u011b budu l\u00edbit nebo si op\u011bt n\u011bco vy\u010d\u00edtat a \u0159\u00edkat si, jak jsem odporn\u00e1.\u00a0Ano, je to tak. V\u011b\u0159te, \u017ee nejsem jedin\u00e1, kter\u00e1 to tak m\u00e1. Zn\u00e1m v\u00edcero lidi, co m\u00e1 probl\u00e9m, aby milovali sami sebe. J\u00e1 s t\u00edm probl\u00e9m m\u00e1m a nestyd\u00edm se za to.\u00a0R\u00e1no vstanu a kouk\u00e1m do zrcadla v tento moment je zde v\u0161e v po\u0159\u00e1dku, ale pak nastane situace, abych se obl\u00e9kla a j\u00e1 jsem zoufal\u00e1, proto\u017ee mi je v\u0161echno ze \u0161atn\u00edku mal\u00e9. Co m\u00e1m proto ud\u011blat, abych se c\u00edtila l\u00e9pe? J\u00edst sal\u00e1ty, p\u00edt v\u011bcn\u011b vodu a nic si nedop\u0159\u00e1t.V\u0161ak tohle nen\u00ed \u017eivot, ale teror!\u00a0N\u011bkdy m\u00edv\u00e1m dny, kdy si \u0159eknu jsem kr\u00e1sn\u00e1, m\u00e1m kr\u00e1sn\u00e9 o\u010di. Jsem ubl\u00ed\u017eena jak na venek, tak i na du\u0161i.\u00a0Boj\u00edm se, \u017ee to tentokr\u00e1t nezvl\u00e1dnu. M\u00e1m z 65 kilo u\u017e 94 kg. Dot\u00e1hnu to na 100 kg? NE! Nechci, ale boj\u00edm se, \u017ee to tak dopadne. P\u0159ijde mi, \u017ee m\u00e1m z\u00e1chvatov\u00e9 p\u0159ej\u00edd\u00e1n\u00ed.\u00a0Neust\u00e1le j\u00edm nanuky a sladkosti. P\u0159ijde mi, \u017ee n\u011bco zaj\u00edd\u00e1m, ale nev\u00edm co. Jsem smutn\u00e1 a nev\u00edm pro\u010d. \u010c\u00edm to je? Nev\u00edm.\u00a0V\u017edy\u0165 j\u00eddlo uklid\u0148uje a zbav\u00ed v\u00e1s snad stresu, ale pro\u010d nem\u016f\u017eu zhubnout, i kdy\u017e hodn\u011b j\u00edm? Kdyby to bylo tak jednoduch\u00e9 a \u0161lo to tak rychle jak jezen\u00ed.\u00a0Ale mohli bychom j\u00edt na to v\u0161ichni spole\u010dn\u011b. Za\u010dneme se v\u00edce h\u00fdbat a budeme se v\u0161ichni navz\u00e1jem podporovat, co vy na to?\u00a0Kdy\u017e u\u017e jsme to dot\u00e1hli, tak daleko, \u017ee m\u00e1me nadv\u00e1hu, tak to zvl\u00e1dneme dat zase dolu. Ne? Ano, d\u00e1me. Zvedneme ty sv\u00e9 tlust\u00e9 zadky a za\u010dneme zase makat. Mus\u00edme se nau\u010dit n\u00e1s \u017eivot milovat a v\u011b\u0159it jemu, \u017ee to zvl\u00e1dneme. I kdy\u017e si mysl\u00edte, ze ne, tak ano.\u00a0Vytvo\u0159\u00edme velkou komunitu a takov\u00fd projekt, bez za sv\u00fdm snem, tady a te\u010f. A za dva roky mo\u017en\u00e1 i d\u0159\u00edv uvid\u00edme na\u0161e kr\u00e1sn\u00e9 ploch\u00e9 b\u0159\u00ed\u0161ko, kter\u00e9 jsme naposledy vid\u011bli cca p\u0159ed 10 lety. Tak\u017ee te\u010f si b\u011b\u017ete koupit n\u011bjak\u00fd den\u00ed\u010dek, kam si to v\u0161echno budete zapisovat, ale tohle zvl\u00e1dneme.                                                                                                                                                                                                                                                                                                                                                                                                "},{"@context":"https:\/\/schema.org\/","@type":"BreadcrumbList","itemListElement":[{"@type":"ListItem","position":1,"name":"Pohled do zrcadla","item":"https:\/\/www.modanelli.cz\/pohled-do-zrcadla\/#breadcrumbitem"}]}]