[{"@context":"https:\/\/schema.org\/","@type":"Article","@id":"https:\/\/www.modanelli.cz\/pripravte-se-na-zimu\/#Article","mainEntityOfPage":"https:\/\/www.modanelli.cz\/pripravte-se-na-zimu\/","headline":"P\u0159ipravte se na zimu","name":"P\u0159ipravte se na zimu","description":"\u0160atn\u00edk mal\u00fdch d\u011bt\u00ed mus\u00ed obsahovat skute\u010dn\u011b v\u0161echny druhy oble\u010den\u00ed, aby jim nebylo horko nebo zima. Za\u0159\u00eddit, aby v\u00e1m pro d\u011bti \u017e\u00e1dn\u00e9 oble\u010den\u00ed nechyb\u011blo, neb\u00fdv\u00e1 jednoduch\u00e9. Zejm\u00e9na maminky se cht\u011bj\u00ed \u0159\u00eddit p\u0159edev\u0161\u00edm t\u00edm, jak\u00e9 oble\u010den\u00ed se jim l\u00edb\u00ed, ale ve v\u011bt\u0161in\u011b p\u0159\u00edpad\u016f jde o zna\u010dkov\u00e9 zbo\u017e\u00ed, kter\u00e9 je pochopiteln\u011b dra\u017e\u0161\u00ed. Nakoupit oble\u010den\u00ed pro novorozence nebo kojence [&hellip;]","datePublished":"2025-06-04","dateModified":"2025-06-04","author":{"@type":"Person","@id":"https:\/\/www.modanelli.cz\/author\/#Person","name":"","url":"https:\/\/www.modanelli.cz\/author\/","identifier":1,"image":{"@type":"ImageObject","@id":"https:\/\/secure.gravatar.com\/avatar\/59b0e4716b6bc16861d789b0eb3efe04cb591482277f92a016ec4356fe735210?s=96&d=mm&r=g","url":"https:\/\/secure.gravatar.com\/avatar\/59b0e4716b6bc16861d789b0eb3efe04cb591482277f92a016ec4356fe735210?s=96&d=mm&r=g","height":96,"width":96}},"publisher":{"@type":"Organization","name":"modanelli.cz","logo":{"@type":"ImageObject","@id":"\/logo.png","url":"\/logo.png","width":600,"height":60}},"image":{"@type":"ImageObject","@id":"https:\/\/www.modanelli.cz\/wp-content\/uploads\/pexels-narmin-aliyeva-326724454-16244475.jpg","url":"https:\/\/www.modanelli.cz\/wp-content\/uploads\/pexels-narmin-aliyeva-326724454-16244475.jpg","height":0,"width":0},"url":"https:\/\/www.modanelli.cz\/pripravte-se-na-zimu\/","about":["N\u00e1kupy"],"wordCount":424,"articleBody":"   \u0160atn\u00edk mal\u00fdch d\u011bt\u00ed mus\u00ed obsahovat skute\u010dn\u011b v\u0161echny druhy oble\u010den\u00ed, aby jim nebylo horko nebo zima. Za\u0159\u00eddit, aby v\u00e1m pro d\u011bti \u017e\u00e1dn\u00e9 oble\u010den\u00ed nechyb\u011blo, neb\u00fdv\u00e1 jednoduch\u00e9. Zejm\u00e9na maminky se cht\u011bj\u00ed \u0159\u00eddit p\u0159edev\u0161\u00edm t\u00edm, jak\u00e9 oble\u010den\u00ed se jim l\u00edb\u00ed, ale ve v\u011bt\u0161in\u011b p\u0159\u00edpad\u016f jde o zna\u010dkov\u00e9 zbo\u017e\u00ed, kter\u00e9 je pochopiteln\u011b dra\u017e\u0161\u00ed. Nakoupit oble\u010den\u00ed pro novorozence nebo kojence je mo\u017en\u00e9 ihned zna\u010dkov\u00fdch obchodech, kde najdete spoustu kr\u00e1sn\u00e9ho zbo\u017e\u00ed, kter\u00e9 je kvalitn\u00ed a cenov\u011b dostupn\u00e9.I kdy\u017e v\u011bt\u0161ina rodi\u010d\u016f moment\u00e1ln\u011b \u0159e\u0161\u00ed to, aby m\u011bli pro svoje d\u011bti p\u0159ipraven\u00fd dostatek letn\u00edho oble\u010den\u00ed, je pot\u0159eba si uv\u011bdomit, \u017ee l\u00e9to je v pln\u00e9m proudu. Za p\u00e1r t\u00fddnu u\u017e se za\u010dne pomali\u010dku ochlazovat, a to znamen\u00e1 jedin\u00e9 \u2013 za\u010dne podzim a po n\u011bm zima. Lid\u00e9 jsou zvykl\u00ed nakupovat sezonn\u00ed v\u011bci v moment\u011b, kdy je pot\u0159ebuj\u00ed. Bohu\u017eel v posledn\u00edch letech se nap\u0159\u00ed\u010d obchody rozm\u00e1h\u00e1 trend nab\u00edzet zbo\u017e\u00ed pro nadch\u00e1zej\u00edc\u00ed sez\u00f3ny o n\u011bkolik t\u00fddn\u016f \u010di m\u011bs\u00edce d\u0159\u00edve. Tak se m\u016f\u017ee st\u00e1t, \u017ee a\u017e budete sez\u00f3nn\u00ed zbo\u017e\u00ed sh\u00e1n\u011bt v dob\u011b, kdy ho budete pot\u0159ebovat, bude v\u00fdb\u011br mnohem men\u0161\u00ed a nebo dokonce \u017e\u00e1dn\u00fd.Kdo u\u017e m\u00e1 v oku, jak jeho d\u00edt\u011b roste rychle, m\u016f\u017ee si dovolit za\u010d\u00edt nakupovat i sezonn\u00ed zbo\u017e\u00ed do z\u00e1soby. Nep\u0159eh\u00e1n\u011bjte to ale, a nakupujte sp\u00ed\u0161e v\u011bci, kter\u00e9 lze nosit i o velikost v\u011bt\u0161\u00ed. Typick\u00e9 je to nap\u0159\u00edklad pro podzimn\u00ed a zimn\u00ed kombin\u00e9zy, kter\u00e9 maj\u00ed d\u011bti \u010dasto na dv\u011b sezony. Co by se rozhodn\u011b p\u0159\u00edli\u0161 dop\u0159edu kupovat nem\u011blo, jsou kojeneck\u00e9 pun\u010doch\u00e1\u010de Kojeneckeobleceni.cz. I kdy\u017e si \u0159\u00edk\u00e1te, \u017ee p\u0159ece odhadnete velikost dob\u0159e, probl\u00e9m je v tom, \u017ee mnoh\u00e9 z nich maj\u00ed p\u0159\u00edli\u0161 \u0161irokou gumu v pase, a tak by mohly pun\u010doch\u00e1\u010de d\u00edt\u011bti padat. I d\u00e9lka b\u00fdv\u00e1 probl\u00e9m, proto\u017ee mnohdy nesed\u00ed velikost, kterou v\u00fdrobce ud\u00e1v\u00e1. Ide\u00e1ln\u00ed je nakupovat ne podle velikosti, ale podle rozm\u011br\u016f. Mnoz\u00ed v\u00fdrobci ud\u00e1vaj\u00ed rozm\u011bry u zbo\u017e\u00ed, u n\u011bkter\u00fdch prodejc\u016f si mus\u00edte o rozm\u011bry za\u017e\u00e1dat, ale je to jist\u011bj\u0161\u00ed, ne\u017e nakupovat podle velikosti, kter\u00e1 se v\u011bt\u0161inou li\u0161\u00ed.                                                                                                                                                                                                                                                                                                                                                                                                  "},{"@context":"https:\/\/schema.org\/","@type":"BreadcrumbList","itemListElement":[{"@type":"ListItem","position":1,"name":"P\u0159ipravte se na zimu","item":"https:\/\/www.modanelli.cz\/pripravte-se-na-zimu\/#breadcrumbitem"}]}]