[{"@context":"https:\/\/schema.org\/","@type":"Article","@id":"https:\/\/www.modanelli.cz\/profesionalni-kadernice\/#Article","mainEntityOfPage":"https:\/\/www.modanelli.cz\/profesionalni-kadernice\/","headline":"Profesion\u00e1ln\u00ed kade\u0159nice","name":"Profesion\u00e1ln\u00ed kade\u0159nice","description":"Vy\u0159\u00e1dila se na V\u00e1s nezku\u0161en\u00e1 kade\u0159nice a zkr\u00e1tila V\u00e1m porost na hlav\u011b a\u017e neuv\u011b\u0159iteln\u00fdm zp\u016fsobem? Co te\u010f s t\u00edm? \u010cekat m\u011bs\u00edce ne\u017e V\u00e1m kade\u0159e znovu dorostou? Nosit \u0161\u00e1tek nebo paruku se V\u00e1m nechce? Tak u\u017e \u017e\u00e1dn\u00e9 obavy. Jsme tu pr\u00e1v\u011b pro V\u00e1s. Vyu\u017eijte na\u0161i slu\u017ebu prodlu\u017eov\u00e1n\u00ed vlas\u016f. M\u016f\u017eeme V\u00e1m zp\u00e1tky dokonce p\u0159id\u011blat Va\u0161e vlastn\u00ed pram\u00ednky. [&hellip;]","datePublished":"2024-11-27","dateModified":"2024-11-27","author":{"@type":"Person","@id":"https:\/\/www.modanelli.cz\/author\/#Person","name":"","url":"https:\/\/www.modanelli.cz\/author\/","identifier":1,"image":{"@type":"ImageObject","@id":"https:\/\/secure.gravatar.com\/avatar\/59b0e4716b6bc16861d789b0eb3efe04cb591482277f92a016ec4356fe735210?s=96&d=mm&r=g","url":"https:\/\/secure.gravatar.com\/avatar\/59b0e4716b6bc16861d789b0eb3efe04cb591482277f92a016ec4356fe735210?s=96&d=mm&r=g","height":96,"width":96}},"publisher":{"@type":"Organization","name":"modanelli.cz","logo":{"@type":"ImageObject","@id":"\/logo.png","url":"\/logo.png","width":600,"height":60}},"url":"https:\/\/www.modanelli.cz\/profesionalni-kadernice\/","wordCount":215,"articleBody":"Vy\u0159\u00e1dila se na V\u00e1s nezku\u0161en\u00e1 kade\u0159nice a zkr\u00e1tila V\u00e1m porost na hlav\u011b a\u017e neuv\u011b\u0159iteln\u00fdm zp\u016fsobem? Co te\u010f s t\u00edm? \u010cekat m\u011bs\u00edce ne\u017e V\u00e1m kade\u0159e znovu dorostou? Nosit \u0161\u00e1tek nebo paruku se V\u00e1m nechce? Tak u\u017e \u017e\u00e1dn\u00e9 obavy. Jsme tu pr\u00e1v\u011b pro V\u00e1s. Vyu\u017eijte na\u0161i slu\u017ebu prodlu\u017eov\u00e1n\u00ed vlas\u016f. M\u016f\u017eeme V\u00e1m zp\u00e1tky dokonce p\u0159id\u011blat Va\u0161e vlastn\u00ed pram\u00ednky. V\u0161echno je mo\u017en\u00e9. Jen se informujte u na\u0161ich pracovn\u00edk\u016f. Koruna Va\u0161\u00ed hlavy Va\u0161e h\u0159\u00edva je Va\u0161\u00ed korunou. Je to jedna z prvn\u00edch v\u011bc\u00ed, kter\u00e9 si na V\u00e1s lid\u00e9 v\u0161imnou, kdy\u017e V\u00e1s uvid\u00ed. Proto ka\u017ed\u00e1 z n\u00e1s se sna\u017e\u00ed m\u00edt sv\u00e9 kade\u0159e co nejl\u00e9pe upraven\u00e9. Prodlu\u017eov\u00e1n\u00ed vlas\u016f je spolehliv\u00fd zp\u016fsob \u00fapravy Va\u0161eho porostu na hlavince. V na\u0161em sal\u00f3nu V\u00e1m m\u016f\u017eeme nab\u00eddnout hned n\u011bkolik metod \u2013 BOND PLUS nebo BOND FIX jsou asi nejpopul\u00e1rn\u011bj\u0161\u00ed mezi na\u0161imi klientkami, ale z\u00e1le\u017e\u00ed jen na V\u00e1s, jestli si vyberete n\u011bkterou z dal\u0161\u00edch metod. U\u017e nese\u010fte na zadku a jednejte. Kontaktujte n\u00e1s. Neprohloup\u00edte.                                                                                                                                                                                                                                                                                                                                                                                                "},{"@context":"https:\/\/schema.org\/","@type":"BreadcrumbList","itemListElement":[{"@type":"ListItem","position":1,"name":"Profesion\u00e1ln\u00ed kade\u0159nice","item":"https:\/\/www.modanelli.cz\/profesionalni-kadernice\/#breadcrumbitem"}]}]