[{"@context":"https:\/\/schema.org\/","@type":"Article","@id":"https:\/\/www.modanelli.cz\/s-audi-servisem-jde-vsechno-jako-po-masle\/#Article","mainEntityOfPage":"https:\/\/www.modanelli.cz\/s-audi-servisem-jde-vsechno-jako-po-masle\/","headline":"S Audi servisem jde v\u0161echno, jako po m\u00e1sle","name":"S Audi servisem jde v\u0161echno, jako po m\u00e1sle","description":"P\u0159ipravte se na zimn\u00ed obdob\u00ed a vym\u011b\u0148te si kola pr\u00e1v\u011b u n\u00e1s! Car Point Karlovy Vary \u010dek\u00e1 na va\u0161e p\u0159\u00edjemn\u00e9 nab\u00eddky. Zimn\u00ed kola pro automobily Volkswagen i Seat za p\u0159\u00edzniv\u00e9 ceny v\u00e1s ohromn\u011b dob\u0159e nalad\u00ed. Mysl\u00edte na n\u00edzk\u00e9 teploty u\u017e te\u010f a p\u0159ipravte se na nejkrut\u011bj\u0161\u00ed zimu! P\u0159ije\u010fte v\u010das, proto\u017ee nab\u00eddka je \u010dasov\u011b omezen\u00e1! Vybavte [&hellip;]","datePublished":"2025-08-28","dateModified":"2025-08-28","author":{"@type":"Person","@id":"https:\/\/www.modanelli.cz\/author\/#Person","name":"","url":"https:\/\/www.modanelli.cz\/author\/","identifier":1,"image":{"@type":"ImageObject","@id":"https:\/\/secure.gravatar.com\/avatar\/59b0e4716b6bc16861d789b0eb3efe04cb591482277f92a016ec4356fe735210?s=96&d=mm&r=g","url":"https:\/\/secure.gravatar.com\/avatar\/59b0e4716b6bc16861d789b0eb3efe04cb591482277f92a016ec4356fe735210?s=96&d=mm&r=g","height":96,"width":96}},"publisher":{"@type":"Organization","name":"modanelli.cz","logo":{"@type":"ImageObject","@id":"\/logo.png","url":"\/logo.png","width":600,"height":60}},"url":"https:\/\/www.modanelli.cz\/s-audi-servisem-jde-vsechno-jako-po-masle\/","wordCount":165,"articleBody":"P\u0159ipravte se na zimn\u00ed obdob\u00ed a vym\u011b\u0148te si kola pr\u00e1v\u011b u n\u00e1s! Car Point Karlovy Vary \u010dek\u00e1 na va\u0161e p\u0159\u00edjemn\u00e9 nab\u00eddky. Zimn\u00ed kola pro automobily Volkswagen i Seat za p\u0159\u00edzniv\u00e9 ceny v\u00e1s ohromn\u011b dob\u0159e nalad\u00ed. Mysl\u00edte na n\u00edzk\u00e9 teploty u\u017e te\u010f a p\u0159ipravte se na nejkrut\u011bj\u0161\u00ed zimu! P\u0159ije\u010fte v\u010das, proto\u017ee nab\u00eddka je \u010dasov\u011b omezen\u00e1! Vybavte se na zimu ve spr\u00e1vn\u00e9m autosal\u00f3nu S Audi servisem, kter\u00fd je p\u0159\u00edstupn\u00fd prost\u011b v\u0161em, najdete soukrom\u00ed a spr\u00e1vn\u00e9 opravy pro v\u00e1\u0161 v\u016fz. Dejte n\u00e1m svou d\u016fv\u011bru a my v\u00e1m odstran\u00edme v\u0161echny z\u00e1vady a va\u0161e vozidlo bude zase jako nov\u00e9! Ji\u017e od roku 2003 je tento b\u00e1je\u010dn\u00fd syst\u00e9m na sv\u011bt\u011b. Opravuje, vym\u011b\u0148uje a d\u011bl\u00e1 Car Pointu jen samou radost. Je to prost\u011b hit pro v\u0161echny klienty ze v\u0161ech kout\u016f republiky.                                                                                                                                                                                                                                                                                                                                                                                                "},{"@context":"https:\/\/schema.org\/","@type":"BreadcrumbList","itemListElement":[{"@type":"ListItem","position":1,"name":"S Audi servisem jde v\u0161echno, jako po m\u00e1sle","item":"https:\/\/www.modanelli.cz\/s-audi-servisem-jde-vsechno-jako-po-masle\/#breadcrumbitem"}]}]