[{"@context":"https:\/\/schema.org\/","@type":"Article","@id":"https:\/\/www.modanelli.cz\/stavime-na-vzajemne-duvere\/#Article","mainEntityOfPage":"https:\/\/www.modanelli.cz\/stavime-na-vzajemne-duvere\/","headline":"Stav\u00edme na vz\u00e1jemn\u00e9 d\u016fv\u011b\u0159e","name":"Stav\u00edme na vz\u00e1jemn\u00e9 d\u016fv\u011b\u0159e","description":"Kdy\u017e od sebe lid\u00e9 n\u011bco o\u010dek\u00e1vaj\u00ed, je v\u017edy d\u016fle\u017eit\u00e1 vz\u00e1jemn\u00e1 d\u016fv\u011bra, a to jak se \u0159\u00edk\u00e1 \u201ca\u017e na prvn\u00edm m\u00edst\u011b\u201d. Proto pokud se rozhodnete, \u017ee byste r\u00e1di, aby v\u00e1s nav\u0161t\u00edvil bytov\u00fd architekt Pardubice, ten p\u0159ijede, ale z n\u011bjak\u00e9ho d\u016fvodu si nepadnete do oka, m\u016f\u017eete b\u00fdt v naprost\u00e9m klidu i v p\u0159\u00edpad\u011b, pokud se na spolupr\u00e1ci [&hellip;]","datePublished":"2023-05-27","dateModified":"2024-06-04","author":{"@type":"Person","@id":"https:\/\/www.modanelli.cz\/author\/#Person","name":"","url":"https:\/\/www.modanelli.cz\/author\/","identifier":1,"image":{"@type":"ImageObject","@id":"https:\/\/secure.gravatar.com\/avatar\/59b0e4716b6bc16861d789b0eb3efe04cb591482277f92a016ec4356fe735210?s=96&d=mm&r=g","url":"https:\/\/secure.gravatar.com\/avatar\/59b0e4716b6bc16861d789b0eb3efe04cb591482277f92a016ec4356fe735210?s=96&d=mm&r=g","height":96,"width":96}},"publisher":{"@type":"Organization","name":"modanelli.cz","logo":{"@type":"ImageObject","@id":"\/logo.png","url":"\/logo.png","width":600,"height":60}},"url":"https:\/\/www.modanelli.cz\/stavime-na-vzajemne-duvere\/","wordCount":259,"articleBody":"Kdy\u017e od sebe lid\u00e9 n\u011bco o\u010dek\u00e1vaj\u00ed, je v\u017edy d\u016fle\u017eit\u00e1 vz\u00e1jemn\u00e1 d\u016fv\u011bra, a to jak se \u0159\u00edk\u00e1 \u201ca\u017e na prvn\u00edm m\u00edst\u011b\u201d. Proto pokud se rozhodnete, \u017ee byste r\u00e1di, aby v\u00e1s nav\u0161t\u00edvil bytov\u00fd architekt Pardubice, ten p\u0159ijede, ale z n\u011bjak\u00e9ho d\u016fvodu si nepadnete do oka, m\u016f\u017eete b\u00fdt v naprost\u00e9m klidu i v p\u0159\u00edpad\u011b, pokud se na spolupr\u00e1ci nedohodnete. Nic v\u00e1s jeho n\u00e1v\u0161t\u011bva nebude st\u00e1t. Tato situace se v\u0161ak na\u0161\u00ed spole\u010dnosti opravdu nest\u00e1v\u00e1, a proto pro v\u00e1s n\u00e1vrh interi\u00e9ru zpracujeme bez jak\u00e9koliv smlouvy. Zkr\u00e1tka my budeme d\u016fv\u011b\u0159ovat v\u00e1m, pokud vy budete v\u011b\u0159it n\u00e1m.Spolupr\u00e1ce s bytov\u00fdm architektem je nevyhnuteln\u00e1A pokud jste moud\u0159\u00ed, a to bezesporu jste, ur\u010dit\u011b se do p\u0159estavby sv\u00e9ho domu nebo bytu bez porady a spolupr\u00e1ce se zku\u0161en\u00fdm architektem nepust\u00edte. M\u016f\u017ee toti\u017e klidn\u011b nastat situace, \u017ee va\u0161\u00edm p\u0159\u00e1n\u00edm je zm\u011bnit dispozici interi\u00e9ru zbour\u00e1n\u00edm jedn\u00e9 p\u0159\u00ed\u010dky, ale my v\u00e1s p\u0159esv\u011bd\u010d\u00edme o tom, \u017ee k rekonstrukci a zm\u011bn\u011b dispozice se toho nab\u00edz\u00ed mnohem v\u00edce. A nakonec se m\u016f\u017eete t\u0159eba m\u00edsto tradi\u010dn\u00edch st\u011bn radovat z obloukov\u00fdch nebo z otev\u0159en\u00e9ho prostoru. Te\u010f u\u017e tedy v\u00edte, na\u010d nesm\u00edte p\u0159ed rekonstrukci sv\u00e9ho p\u0159\u00edbytku zapomenout.                                                                                                                                                                                                                                                                                                                                                                                                "},{"@context":"https:\/\/schema.org\/","@type":"BreadcrumbList","itemListElement":[{"@type":"ListItem","position":1,"name":"Stav\u00edme na vz\u00e1jemn\u00e9 d\u016fv\u011b\u0159e","item":"https:\/\/www.modanelli.cz\/stavime-na-vzajemne-duvere\/#breadcrumbitem"}]}]