[{"@context":"https:\/\/schema.org\/","@type":"Article","@id":"https:\/\/www.modanelli.cz\/vyber-zalezi-na-vas\/#Article","mainEntityOfPage":"https:\/\/www.modanelli.cz\/vyber-zalezi-na-vas\/","headline":"V\u00fdb\u011br z\u00e1le\u017e\u00ed na v\u00e1s","name":"V\u00fdb\u011br z\u00e1le\u017e\u00ed na v\u00e1s","description":"Plastov\u00e9 nebo d\u0159ev\u011bn\u00e9 st\u0159e\u0161n\u00ed okna? Z\u00e1le\u017e\u00ed, co si vyberete a jak\u00e9 se v\u00e1m budou l\u00edbit. Je jich na trhu velmi mnoho druh\u016f. Kvalita zaru\u010dena. Za tepl\u00e9ho po\u010das\u00ed dokonale vyh\u0159eje podkrovku. P\u0159i odpo\u010dinku se budete c\u00edtit p\u0159\u00edjemn\u011b. Nebude se v\u00e1m cht\u00edt u\u017e nikdy odej\u00edt. Hluk zven\u010d\u00ed bude utlumen a t\u00edm budete m\u00edt v\u00edce klidu. Vym\u011b\u0159en\u00ed zdarma [&hellip;]","datePublished":"2024-11-15","dateModified":"2024-11-15","author":{"@type":"Person","@id":"https:\/\/www.modanelli.cz\/author\/#Person","name":"","url":"https:\/\/www.modanelli.cz\/author\/","identifier":1,"image":{"@type":"ImageObject","@id":"https:\/\/secure.gravatar.com\/avatar\/59b0e4716b6bc16861d789b0eb3efe04cb591482277f92a016ec4356fe735210?s=96&d=mm&r=g","url":"https:\/\/secure.gravatar.com\/avatar\/59b0e4716b6bc16861d789b0eb3efe04cb591482277f92a016ec4356fe735210?s=96&d=mm&r=g","height":96,"width":96}},"publisher":{"@type":"Organization","name":"modanelli.cz","logo":{"@type":"ImageObject","@id":"\/logo.png","url":"\/logo.png","width":600,"height":60}},"url":"https:\/\/www.modanelli.cz\/vyber-zalezi-na-vas\/","wordCount":183,"articleBody":"Plastov\u00e9 nebo d\u0159ev\u011bn\u00e9 st\u0159e\u0161n\u00ed okna? Z\u00e1le\u017e\u00ed, co si vyberete a jak\u00e9 se v\u00e1m budou l\u00edbit. Je jich na trhu velmi mnoho druh\u016f. Kvalita zaru\u010dena. Za tepl\u00e9ho po\u010das\u00ed dokonale vyh\u0159eje podkrovku. P\u0159i odpo\u010dinku se budete c\u00edtit p\u0159\u00edjemn\u011b. Nebude se v\u00e1m cht\u00edt u\u017e nikdy odej\u00edt. Hluk zven\u010d\u00ed bude utlumen a t\u00edm budete m\u00edt v\u00edce klidu.Vym\u011b\u0159en\u00ed zdarmaJak\u00e1 st\u0159e\u0161n\u00ed okna vyr\u00e1b\u00edme, se dozv\u00edte, kdy\u017e nav\u0161t\u00edv\u00edte internetov\u00e9 str\u00e1nky. V\u0161echny informace se tam do\u010dtete. Je tam v\u017edycky foto, materi\u00e1l, barva a cena. Vid\u00edte, jak\u00fd v\u00fdrobek byste si od n\u00e1s zakoupili. Nech\u00e1te si v\u0161e vym\u011b\u0159it zdarma. Zak\u00e1\u017eete si je a p\u0159ijedou v\u00e1m je p\u0159ed\u011blat. V p\u0159\u00edpad\u011b, \u017ee se vyskytne v\u00fdrobn\u00ed vada, tak je p\u0159ijedou vym\u011bnit a daj\u00ed zase nov\u00e9. Pokud je vada zp\u016fsobena \u0161patn\u00fdm pou\u017e\u00edv\u00e1n\u00edm, reklamace v\u00e1m ov\u0161em nen\u00ed uzn\u00e1na.                                                                                                                                                                                                                                                                                                                                                                                                "},{"@context":"https:\/\/schema.org\/","@type":"BreadcrumbList","itemListElement":[{"@type":"ListItem","position":1,"name":"V\u00fdb\u011br z\u00e1le\u017e\u00ed na v\u00e1s","item":"https:\/\/www.modanelli.cz\/vyber-zalezi-na-vas\/#breadcrumbitem"}]}]